{"id":288051,"date":"2026-01-28T13:54:56","date_gmt":"2026-01-28T13:54:56","guid":{"rendered":"https:\/\/ami.mr\/fr\/?p=288051"},"modified":"2026-01-28T13:55:55","modified_gmt":"2026-01-28T13:55:55","slug":"le-premier-vice-president-du-parti-el-insaf-le-dialogue-actuel-se-distingue-des-precedents-par-son-caractere-participatif","status":"publish","type":"post","link":"https:\/\/ami.mr\/fr\/archives\/288051","title":{"rendered":"Le premier vice-pr\u00e9sident du parti El Insaf : Le dialogue actuel se distingue des pr\u00e9c\u00e9dents par son caract\u00e8re participatif"},"content":{"rendered":"<p>Le premier vice-pr\u00e9sident du parti El Insaf, M. Mohamed Yahya Ould Horma, a expliqu\u00e9 que Son Excellence le Pr\u00e9sident de la R\u00e9publique, M. Mohamed Ould Cheikh El Ghazouani, a appel\u00e9 \u00e0 plusieurs reprises et en diverses occasions au dialogue, soulignant que l&#8217;objectif fondamental du dialogue actuel est de revoir notre syst\u00e8me d\u00e9mocratique, ce qui inclut le syst\u00e8me \u00e9lectoral, le code \u00e9lectoral et les questions li\u00e9es au syst\u00e8me d\u00e9mocratique telles que la loi sur les partis, etc.<\/p>\n<div class=\"cell auto-size\">\n<div class=\"set-border bd-gray padding10 margin10 no-margin-right no-margin-left \" dir=\"ltr\">\n<p>Il a ajout\u00e9, dans une interview accord\u00e9e \u00e0 l&#8217;Agence Mauritanienne d&#8217;Information, qu&#8217;apr\u00e8s l&#8217;appel au dialogue, son champ d&#8217;application s&#8217;est \u00e9largi pour inclure toutes les questions importantes pour le pays, en invitant la classe politique qui a r\u00e9pondu favorablement \u00e0 l&#8217;appel au dialogue, \u00e0 l&#8217;exception d&#8217;une ou deux formations, affirmant que le dialogue est une opportunit\u00e9 d&#8217;aborder des questions vitales pour le destin du pays, sa s\u00e9curit\u00e9, sa stabilit\u00e9 et sa croissance, telles que l&#8217;unit\u00e9 nationale, la coh\u00e9sion sociale, la bonne gouvernance, la lutte contre la corruption et le n\u00e9potisme, ainsi que d&#8217;autres grandes questions dignes d&#8217;\u00eatre abord\u00e9es dans ce dialogue.<\/p>\n<p>Le vice- pr\u00e9sident a pr\u00e9cis\u00e9 que lorsque Son Excellence le Pr\u00e9sident de la R\u00e9publique a appel\u00e9 au dialogue il y a plus de 10 mois, il a nomm\u00e9 un coordinateur national pour le dialogue. Ce coordinateur a accompli un travail important, rencontrant les formations politiques et recueillant leurs attentes via un questionnaire, soulignant que les sujets susmentionn\u00e9s revenaient dans toutes les r\u00e9ponses de la classe politique nationale.<\/p>\n<p>Il a d\u00e9clar\u00e9 que le dialogue actuel se distingue des dialogues pr\u00e9c\u00e9dents par son caract\u00e8re participatif entre les formations politiques, et que les opinions, les accords, les syst\u00e8mes et les proc\u00e9dures qui y seront mis en \u0153uvre sont l&#8217;\u0153uvre des partis politiques qui y participent, soulignant que l&#8217;une des caract\u00e9ristiques du dialogue est \u00e9galement sa bonne pr\u00e9paration technique qui a permis de sonder ce que les partis souhaitent discuter et de proposer certains de ses m\u00e9canismes.<\/p>\n<p>M. Mohamed Yahya Ould Horma a indiqu\u00e9 que la phase de synth\u00e8se des propositions des partis est termin\u00e9e et que l&#8217;on est maintenant dans la phase de d\u00e9marrage du dialogue apr\u00e8s s&#8217;\u00eatre mis d&#8217;accord sur les m\u00e9canismes, les sujets, l&#8217;intitul\u00e9 sous lequel se d\u00e9roulera la discussion et les parties participantes, notant que la participation jusqu&#8217;\u00e0 pr\u00e9sent est purement politique et concerne les partis politiques, et que d&#8217;autres composantes, y compris la soci\u00e9t\u00e9 civile et des personnalit\u00e9s ind\u00e9pendantes porteuses d&#8217;id\u00e9es et d&#8217;opinions, se joindront ult\u00e9rieurement.<\/p>\n<p>Il a ajout\u00e9 que cette \u00e9tape n\u00e9cessite de pr\u00e9ciser les sujets qui seront abord\u00e9s et de s&#8217;accorder sur un cadre de dialogue et un organe sup\u00e9rieur pour le g\u00e9rer, compos\u00e9 \u00e0 parit\u00e9 entre l&#8217;opposition, la majorit\u00e9, la soci\u00e9t\u00e9 civile et les personnalit\u00e9s ind\u00e9pendantes, soulignant que le parti El Insaf et les partis de la majorit\u00e9 discuteront du document soumis par le coordinateur et d\u00e9finiront leur r\u00e9ponse et leurs propositions concernant la formule finale de la feuille de route, et la formule finale du contenu qui d\u00e9terminera ce qui sera discut\u00e9, sous quelle forme il le sera, et quels sont les m\u00e9canismes de supervision.<\/p>\n<\/div>\n<\/div>\n","protected":false},"excerpt":{"rendered":"<p>Le premier vice-pr\u00e9sident du parti El Insaf, M. Mohamed Yahya Ould Horma, a expliqu\u00e9 que Son Excellence le Pr\u00e9sident de la R\u00e9publique, M. Mohamed Ould Cheikh El Ghazouani, a appel\u00e9 \u00e0 plusieurs reprises et en diverses occasions au dialogue, soulignant que l&#8217;objectif fondamental du dialogue actuel est de revoir notre syst\u00e8me d\u00e9mocratique, ce qui inclut [&hellip;]<\/p>\n","protected":false},"author":10,"featured_media":288052,"comment_status":"open","ping_status":"open","sticky":false,"template":"","format":"standard","meta":{"footnotes":""},"categories":[63918,63957,63959],"tags":[],"class_list":["post-288051","post","type-post","status-publish","format-standard","has-post-thumbnail","hentry","category-autres","category-fil-dactualite","category-mauritanie"],"_links":{"self":[{"href":"https:\/\/ami.mr\/fr\/wp-json\/wp\/v2\/posts\/288051","targetHints":{"allow":["GET"]}}],"collection":[{"href":"https:\/\/ami.mr\/fr\/wp-json\/wp\/v2\/posts"}],"about":[{"href":"https:\/\/ami.mr\/fr\/wp-json\/wp\/v2\/types\/post"}],"author":[{"embeddable":true,"href":"https:\/\/ami.mr\/fr\/wp-json\/wp\/v2\/users\/10"}],"replies":[{"embeddable":true,"href":"https:\/\/ami.mr\/fr\/wp-json\/wp\/v2\/comments?post=288051"}],"version-history":[{"count":2,"href":"https:\/\/ami.mr\/fr\/wp-json\/wp\/v2\/posts\/288051\/revisions"}],"predecessor-version":[{"id":288054,"href":"https:\/\/ami.mr\/fr\/wp-json\/wp\/v2\/posts\/288051\/revisions\/288054"}],"wp:featuredmedia":[{"embeddable":true,"href":"https:\/\/ami.mr\/fr\/wp-json\/wp\/v2\/media\/288052"}],"wp:attachment":[{"href":"https:\/\/ami.mr\/fr\/wp-json\/wp\/v2\/media?parent=288051"}],"wp:term":[{"taxonomy":"category","embeddable":true,"href":"https:\/\/ami.mr\/fr\/wp-json\/wp\/v2\/categories?post=288051"},{"taxonomy":"post_tag","embeddable":true,"href":"https:\/\/ami.mr\/fr\/wp-json\/wp\/v2\/tags?post=288051"}],"curies":[{"name":"wp","href":"https:\/\/api.w.org\/{rel}","templated":true}]}}