{"id":287731,"date":"2026-01-22T19:54:01","date_gmt":"2026-01-22T19:54:01","guid":{"rendered":"https:\/\/ami.mr\/fr\/?p=287731"},"modified":"2026-01-22T19:54:01","modified_gmt":"2026-01-22T19:54:01","slug":"inauguration-a-achemim-de-nouvelles-installations-au-siege-du-groupement-general-des-chamelier","status":"publish","type":"post","link":"https:\/\/ami.mr\/fr\/archives\/287731","title":{"rendered":"Inauguration \u00e0 Achemim de nouvelles installations au si\u00e8ge du Groupement G\u00e9n\u00e9ral des Chamelier"},"content":{"rendered":"<p>Le commandant adjoint de l&#8217;\u00e9tat-major de la Garde nationale, le colonel Cheikh Ould Abidine Ould Ma\u00eff, accompagn\u00e9 du directeur de cabinet du Wali du Hodh Ech Chargui, M. Sidi Mohamed Ould Mohamed Abdallahi, a supervis\u00e9 jeudi, dans la commune de &#8220;Achmim&#8221;, la c\u00e9r\u00e9monie de r\u00e9ception des installations du projet &#8220;Guewda 2&#8221;, d\u00e9di\u00e9 au soutien des capacit\u00e9s op\u00e9rationnelles du Groupement G\u00e9n\u00e9ral Mobile de la Garde nationale.<\/p>\n<p>Le commandant adjoint de l&#8217;\u00e9tat-major de la Garde nationale, accompagn\u00e9 du directeur de cabinet du Wali et du commandant de la Cinqui\u00e8me R\u00e9gion Militaire, le colonel Idoum Mohamed Ammar, a effectu\u00e9 une tourn\u00e9e d&#8217;inspection des installations inaugur\u00e9es, qui comprenaient des quartiers g\u00e9n\u00e9raux, des bureaux administratifs, un h\u00e9bergement et un entrep\u00f4t de mat\u00e9riel. La visite a \u00e9galement port\u00e9 sur les mises \u00e0 jour apport\u00e9es \u00e0 l&#8217;aspect s\u00e9curitaire de l&#8217;unit\u00e9, notamment l&#8217;extension du mur ext\u00e9rieur et le creusement d&#8217;un foss\u00e9 autour de l&#8217;unit\u00e9 pour renforcer ses capacit\u00e9s d\u00e9fensives.<\/p>\n<p>Dans son discours \u00e0 cette occasion, le colonel Cheikh Ould Abidine Ould Ma\u00eff a soulign\u00e9 que le projet &#8220;Guewda 2&#8221; vise \u00e0 renforcer les acquis de la premi\u00e8re version du projet financ\u00e9 par l&#8217;Union europ\u00e9enne et mis en \u0153uvre par la fondation &#8220;Th\u00e9mis&#8221;, insistant sur l&#8217;importance du lien entre s\u00e9curit\u00e9 et d\u00e9veloppement face au terrorisme et aux crimes transfrontaliers.<\/p>\n<p>Il a expliqu\u00e9 que le projet ne s&#8217;est pas limit\u00e9 \u00e0 l&#8217;aspect militaire, mais a \u00e9galement inclus un soutien op\u00e9rationnel et des activit\u00e9s agricoles pour les femmes de la r\u00e9gion, ainsi que des formations dans les domaines de la sant\u00e9 animale et de l&#8217;\u00e9nergie solaire.<\/p>\n<p>De son c\u00f4t\u00e9, le maire de la commune d&#8217;Achemim, M. Sidi Mohamed Ould Mohamed El Mokhtar, a salu\u00e9 le r\u00f4le jou\u00e9 par le Groupement Mobile dans la s\u00e9curisation de la paix publique et le soutien aux efforts de d\u00e9veloppement local.<\/p>\n<p>M. Pierre Besse, responsable de la gouvernance \u00e0 la d\u00e9l\u00e9gation de l&#8217;Union europ\u00e9enne, et M. Pierre Didon, repr\u00e9sentant de la fondation &#8220;Th\u00e9mis&#8221;, ont \u00e9galement prononc\u00e9 des discours dans lesquels ils ont lou\u00e9 l&#8217;efficacit\u00e9 de la coop\u00e9ration conjointe et les r\u00e9sultats concrets obtenus, qui ont contribu\u00e9 \u00e0 la stabilisation des populations dans leurs r\u00e9gions d&#8217;origine et \u00e0 la s\u00e9curisation des zones frontali\u00e8res.<\/p>\n<p>La c\u00e9r\u00e9monie a \u00e9t\u00e9 suivie par le gouverneur de la Moughataa de N\u00e9ma, les commandants des formations militaires et de s\u00e9curit\u00e9 de la Wilaya, ainsi que des personnalit\u00e9s de la d\u00e9l\u00e9gation de l&#8217;Union europ\u00e9enne et de l&#8217;Institut &#8220;Th\u00e9mis&#8221;.<\/p>\n","protected":false},"excerpt":{"rendered":"<p>Le commandant adjoint de l&#8217;\u00e9tat-major de la Garde nationale, le colonel Cheikh Ould Abidine Ould Ma\u00eff, accompagn\u00e9 du directeur de cabinet du Wali du Hodh Ech Chargui, M. Sidi Mohamed Ould Mohamed Abdallahi, a supervis\u00e9 jeudi, dans la commune de &#8220;Achmim&#8221;, la c\u00e9r\u00e9monie de r\u00e9ception des installations du projet &#8220;Guewda 2&#8221;, d\u00e9di\u00e9 au soutien des [&hellip;]<\/p>\n","protected":false},"author":5,"featured_media":287732,"comment_status":"open","ping_status":"open","sticky":false,"template":"","format":"standard","meta":{"footnotes":""},"categories":[63918,63957,8672],"tags":[],"class_list":["post-287731","post","type-post","status-publish","format-standard","has-post-thumbnail","hentry","category-autres","category-fil-dactualite","category-8672"],"_links":{"self":[{"href":"https:\/\/ami.mr\/fr\/wp-json\/wp\/v2\/posts\/287731","targetHints":{"allow":["GET"]}}],"collection":[{"href":"https:\/\/ami.mr\/fr\/wp-json\/wp\/v2\/posts"}],"about":[{"href":"https:\/\/ami.mr\/fr\/wp-json\/wp\/v2\/types\/post"}],"author":[{"embeddable":true,"href":"https:\/\/ami.mr\/fr\/wp-json\/wp\/v2\/users\/5"}],"replies":[{"embeddable":true,"href":"https:\/\/ami.mr\/fr\/wp-json\/wp\/v2\/comments?post=287731"}],"version-history":[{"count":1,"href":"https:\/\/ami.mr\/fr\/wp-json\/wp\/v2\/posts\/287731\/revisions"}],"predecessor-version":[{"id":287733,"href":"https:\/\/ami.mr\/fr\/wp-json\/wp\/v2\/posts\/287731\/revisions\/287733"}],"wp:featuredmedia":[{"embeddable":true,"href":"https:\/\/ami.mr\/fr\/wp-json\/wp\/v2\/media\/287732"}],"wp:attachment":[{"href":"https:\/\/ami.mr\/fr\/wp-json\/wp\/v2\/media?parent=287731"}],"wp:term":[{"taxonomy":"category","embeddable":true,"href":"https:\/\/ami.mr\/fr\/wp-json\/wp\/v2\/categories?post=287731"},{"taxonomy":"post_tag","embeddable":true,"href":"https:\/\/ami.mr\/fr\/wp-json\/wp\/v2\/tags?post=287731"}],"curies":[{"name":"wp","href":"https:\/\/api.w.org\/{rel}","templated":true}]}}