{"id":287428,"date":"2026-01-17T13:04:51","date_gmt":"2026-01-17T13:04:51","guid":{"rendered":"https:\/\/ami.mr\/fr\/?p=287428"},"modified":"2026-01-17T13:04:51","modified_gmt":"2026-01-17T13:04:51","slug":"le-wali-de-lassaba-inspecte-lavancement-des-travaux-des-pare-feux-a-kankossa","status":"publish","type":"post","link":"https:\/\/ami.mr\/fr\/archives\/287428","title":{"rendered":"Le wali de l&#8217;Assaba inspecte l&#8217;avancement des travaux des pare-feux \u00e0 Kankossa"},"content":{"rendered":"<p>Le wali del&#8217;Assaba, M. Ahmedou Addahi Khteira, s&#8217;est rendu samedi dans la zone de \u00ab Kri \u00bb, en p\u00e9riph\u00e9rie de Kankossa, afin d&#8217;inspecter l&#8217;avancement des travaux des pares-feux dans la moughataa de Kankossa.<\/p>\n<p>Ces travaux s&#8217;inscrivent dans le cadre de la campagne nationale de protection des p\u00e2turages contre les feux de brousse.<\/p>\n<p>Dans son allocution, le wali a d\u00e9clar\u00e9 que cette visite a pour but d&#8217;\u00e9valuer l&#8217;avancement des travaux des pare-feux dans le district de Kankossa.<\/p>\n<p>Il a confirm\u00e9 que les travaux, tant sur les sections nouvelles que sur les sections existantes, progressaient bien, avec un taux d&#8217;ach\u00e8vement de 90 % dans la moughataa.<\/p>\n<p>Il a indiqu\u00e9 que les travaux se poursuivent dans quelques zones de la moughataa de Kiffa, apr\u00e8s quoi le mat\u00e9riel sera d\u00e9plac\u00e9 vers les moughataas de Boumdeid, Krou et Barkeol.<\/p>\n<p>Il a exprim\u00e9 l&#8217;espoir que cette initiative contribuera \u00e0 r\u00e9duire les incendies au cours de l&#8217;ann\u00e9e \u00e0 venir et \u00e0 prot\u00e9ger la v\u00e9g\u00e9tation.<\/p>\n<p>Pour sa part, le d\u00e9l\u00e9gu\u00e9 r\u00e9gional du minist\u00e8re de l&#8217;Environnement et du D\u00e9veloppement durable, M. Mohamed Lemine Ould Sneikel, a indiqu\u00e9 que 851 kilom\u00e8tres de pare-feux \u00e9taient pr\u00e9vus cette ann\u00e9e dans la r\u00e9gion d&#8217;Assaba, la majorit\u00e9 se situant dans la moughataa de Kankossa, compte tenu de son statut de zone poss\u00e9dant la plus grande superficie de p\u00e2turages de la r\u00e9gion.<\/p>\n<p>Il a ajout\u00e9 que 601 kilom\u00e8tres de pare-feux existants devaient \u00eatre r\u00e9habilit\u00e9s dans le district de Kankossa cette ann\u00e9e, et que 30 kilom\u00e8tres de nouveaux pare-feux seraient \u00e9galement cr\u00e9\u00e9s. Les travaux sont d\u00e9j\u00e0 achev\u00e9s sur 538 kilom\u00e8tres de pare-feu existants.<\/p>\n<p>Il a exhort\u00e9 les citoyens \u00e0 participer aux campagnes de sensibilisation afin de contribuer \u00e0 la pr\u00e9servation des p\u00e2turages de la zone.<\/p>\n<p>La visite s&#8217;est d\u00e9roul\u00e9e en pr\u00e9sence du directeur de cabinet du wali de l&#8217;Assaba, M. Ahmed Jeddou Ould Cheikh Taleb, du hakem de Kankossa, M. Khatari Ould Sidi Mohamed Ould El Kharchi, du maire adjoint de Kankossa, M. Ahmed Taleb Abdi, et des chefs des services de s\u00e9curit\u00e9 de la wilaya.<\/p>\n","protected":false},"excerpt":{"rendered":"<p>Le wali del&#8217;Assaba, M. Ahmedou Addahi Khteira, s&#8217;est rendu samedi dans la zone de \u00ab Kri \u00bb, en p\u00e9riph\u00e9rie de Kankossa, afin d&#8217;inspecter l&#8217;avancement des travaux des pares-feux dans la moughataa de Kankossa. Ces travaux s&#8217;inscrivent dans le cadre de la campagne nationale de protection des p\u00e2turages contre les feux de brousse. Dans son allocution, [&hellip;]<\/p>\n","protected":false},"author":21,"featured_media":287429,"comment_status":"open","ping_status":"open","sticky":false,"template":"","format":"standard","meta":{"footnotes":""},"categories":[63918,63957,8672],"tags":[],"class_list":["post-287428","post","type-post","status-publish","format-standard","has-post-thumbnail","hentry","category-autres","category-fil-dactualite","category-8672"],"_links":{"self":[{"href":"https:\/\/ami.mr\/fr\/wp-json\/wp\/v2\/posts\/287428","targetHints":{"allow":["GET"]}}],"collection":[{"href":"https:\/\/ami.mr\/fr\/wp-json\/wp\/v2\/posts"}],"about":[{"href":"https:\/\/ami.mr\/fr\/wp-json\/wp\/v2\/types\/post"}],"author":[{"embeddable":true,"href":"https:\/\/ami.mr\/fr\/wp-json\/wp\/v2\/users\/21"}],"replies":[{"embeddable":true,"href":"https:\/\/ami.mr\/fr\/wp-json\/wp\/v2\/comments?post=287428"}],"version-history":[{"count":1,"href":"https:\/\/ami.mr\/fr\/wp-json\/wp\/v2\/posts\/287428\/revisions"}],"predecessor-version":[{"id":287430,"href":"https:\/\/ami.mr\/fr\/wp-json\/wp\/v2\/posts\/287428\/revisions\/287430"}],"wp:featuredmedia":[{"embeddable":true,"href":"https:\/\/ami.mr\/fr\/wp-json\/wp\/v2\/media\/287429"}],"wp:attachment":[{"href":"https:\/\/ami.mr\/fr\/wp-json\/wp\/v2\/media?parent=287428"}],"wp:term":[{"taxonomy":"category","embeddable":true,"href":"https:\/\/ami.mr\/fr\/wp-json\/wp\/v2\/categories?post=287428"},{"taxonomy":"post_tag","embeddable":true,"href":"https:\/\/ami.mr\/fr\/wp-json\/wp\/v2\/tags?post=287428"}],"curies":[{"name":"wp","href":"https:\/\/api.w.org\/{rel}","templated":true}]}}