{"id":287405,"date":"2026-01-16T22:16:55","date_gmt":"2026-01-16T22:16:55","guid":{"rendered":"https:\/\/ami.mr\/fr\/?p=287405"},"modified":"2026-01-16T22:16:55","modified_gmt":"2026-01-16T22:16:55","slug":"le-secretaire-general-du-ministere-des-affaires-islamiques-inaugure-une-mosquee-dans-la-moughataa-du-ksar","status":"publish","type":"post","link":"https:\/\/ami.mr\/fr\/archives\/287405","title":{"rendered":"Le Secr\u00e9taire g\u00e9n\u00e9ral du minist\u00e8re des Affaires islamiques inaugure une mosqu\u00e9e dans la moughataa du Ksar"},"content":{"rendered":"<p>Le Secr\u00e9taire g\u00e9n\u00e9ral du minist\u00e8re des Affaires islamiques et de l\u2019Enseignement originel, M. Beitallah Ould Ahmed Lassoud, a supervis\u00e9, ce vendredi, dans le quartier Ennajah de la moughataa du Ksar, l\u2019inauguration d\u2019une nouvelle mosqu\u00e9e baptis\u00e9e Mosqu\u00e9e Khalid Ibn Al-Walid.<\/p>\n<p>Dans une allocution prononc\u00e9e \u00e0 cette occasion, le Secr\u00e9taire g\u00e9n\u00e9ral a soulign\u00e9 que cette mosqu\u00e9e constitue un apport qualitatif \u00e0 l\u2019infrastructure religieuse de la moughataa, rappelant la place \u00e9minente qu\u2019occupent les mosqu\u00e9es dans le c\u0153ur des musulmans, ainsi que leur r\u00f4le fondamental dans l\u2019orientation de la soci\u00e9t\u00e9, la diffusion des valeurs morales nobles et le renforcement des liens spirituels entre ses membres.<\/p>\n<p>Il a pr\u00e9cis\u00e9 que la construction de cette mosqu\u00e9e s\u2019inscrit pleinement dans le cadre du programme mis en \u0153uvre par le minist\u00e8re des Affaires islamiques et de l\u2019Enseignement originel, en application des orientations de Son Excellence le Pr\u00e9sident de la R\u00e9publique, M. Mohamed Ould Cheikh El Ghazouani, qui accorde une attention particuli\u00e8re \u00e0 l\u2019action islamique en g\u00e9n\u00e9ral, et aux mosqu\u00e9es et mahadras en particulier, orientations que le gouvernement s\u2019attache \u00e0 concr\u00e9tiser \u00e0 travers les politiques et programmes de d\u00e9veloppement adopt\u00e9s.<\/p>\n<p>Il a ajout\u00e9 que le minist\u00e8re \u0153uvre \u00e0 la mise en \u0153uvre d\u2019un programme int\u00e9gr\u00e9 de prise en charge des mosqu\u00e9es et des mahadras, englobant la construction, la maintenance et l\u2019\u00e9quipement, ainsi que l\u2019am\u00e9lioration des conditions mat\u00e9rielles et morales, afin de permettre \u00e0 ces institutions d\u2019assumer pleinement leur r\u00f4le dans l\u2019enracinement des valeurs de mod\u00e9ration, d\u2019amour et de fraternit\u00e9, et dans le renforcement de l\u2019unit\u00e9 nationale et de la coh\u00e9sion sociale.<\/p>\n<p>Le Secr\u00e9taire g\u00e9n\u00e9ral a \u00e9galement mis en exergue les relations privil\u00e9gi\u00e9es unissant la Mauritanie et l\u2019\u00c9tat fr\u00e8re des \u00c9mirats arabes unis, soulignant que cette coop\u00e9ration fructueuse s\u2019est traduite dans plusieurs domaines, notamment l\u2019action islamique, en particulier dans la construction et l\u2019\u00e9quipement des mosqu\u00e9es et des mahadras, gr\u00e2ce \u00e0 la contribution des \u00c9mirats arabes unis et de leurs associations caritatives \u00e0 l\u2019\u00e9dification de dizaines de mosqu\u00e9es \u00e0 Nouakchott et dans plusieurs wilayas de l\u2019int\u00e9rieur.<\/p>\n<p>De son c\u00f4t\u00e9, le Pr\u00e9sident de l\u2019Association pour le D\u00e9veloppement et la Culture, M. Souleimane Mohamed Abdel Fattah, a salu\u00e9 l\u2019attention accord\u00e9e par les autorit\u00e9s publiques aux mosqu\u00e9es et aux mahadras, ainsi que les efforts d\u00e9ploy\u00e9s pour la promotion des valeurs de juste milieu et de mod\u00e9ration.<\/p>\n<p>Pour sa part, le partenaire de l\u2019Association aux \u00c9mirats arabes unis, M. Mohamed Khamis Al Kaabi, s\u2019est dit heureux de contribuer \u00e0 la r\u00e9alisation de cette mosqu\u00e9e, affirmant que cette r\u00e9alisation refl\u00e8te la profondeur des relations de fraternit\u00e9 et de coop\u00e9ration entre les peuples fr\u00e8res mauritanien et \u00e9mirati, exprimant le v\u0153u que la mosqu\u00e9e soit un lieu de savoir, de pri\u00e8re et de service \u00e0 la communaut\u00e9.<\/p>\n<p>La c\u00e9r\u00e9monie d\u2019inauguration s\u2019est d\u00e9roul\u00e9e en pr\u00e9sence des autorit\u00e9s administratives de la wilaya et de plusieurs \u00e9lus locaux.<\/p>\n","protected":false},"excerpt":{"rendered":"<p>Le Secr\u00e9taire g\u00e9n\u00e9ral du minist\u00e8re des Affaires islamiques et de l\u2019Enseignement originel, M. Beitallah Ould Ahmed Lassoud, a supervis\u00e9, ce vendredi, dans le quartier Ennajah de la moughataa du Ksar, l\u2019inauguration d\u2019une nouvelle mosqu\u00e9e baptis\u00e9e Mosqu\u00e9e Khalid Ibn Al-Walid. Dans une allocution prononc\u00e9e \u00e0 cette occasion, le Secr\u00e9taire g\u00e9n\u00e9ral a soulign\u00e9 que cette mosqu\u00e9e constitue [&hellip;]<\/p>\n","protected":false},"author":53,"featured_media":287406,"comment_status":"open","ping_status":"open","sticky":false,"template":"","format":"standard","meta":{"footnotes":""},"categories":[63918,63957],"tags":[],"class_list":["post-287405","post","type-post","status-publish","format-standard","has-post-thumbnail","hentry","category-autres","category-fil-dactualite"],"_links":{"self":[{"href":"https:\/\/ami.mr\/fr\/wp-json\/wp\/v2\/posts\/287405","targetHints":{"allow":["GET"]}}],"collection":[{"href":"https:\/\/ami.mr\/fr\/wp-json\/wp\/v2\/posts"}],"about":[{"href":"https:\/\/ami.mr\/fr\/wp-json\/wp\/v2\/types\/post"}],"author":[{"embeddable":true,"href":"https:\/\/ami.mr\/fr\/wp-json\/wp\/v2\/users\/53"}],"replies":[{"embeddable":true,"href":"https:\/\/ami.mr\/fr\/wp-json\/wp\/v2\/comments?post=287405"}],"version-history":[{"count":1,"href":"https:\/\/ami.mr\/fr\/wp-json\/wp\/v2\/posts\/287405\/revisions"}],"predecessor-version":[{"id":287407,"href":"https:\/\/ami.mr\/fr\/wp-json\/wp\/v2\/posts\/287405\/revisions\/287407"}],"wp:featuredmedia":[{"embeddable":true,"href":"https:\/\/ami.mr\/fr\/wp-json\/wp\/v2\/media\/287406"}],"wp:attachment":[{"href":"https:\/\/ami.mr\/fr\/wp-json\/wp\/v2\/media?parent=287405"}],"wp:term":[{"taxonomy":"category","embeddable":true,"href":"https:\/\/ami.mr\/fr\/wp-json\/wp\/v2\/categories?post=287405"},{"taxonomy":"post_tag","embeddable":true,"href":"https:\/\/ami.mr\/fr\/wp-json\/wp\/v2\/tags?post=287405"}],"curies":[{"name":"wp","href":"https:\/\/api.w.org\/{rel}","templated":true}]}}