{"id":287245,"date":"2026-01-14T17:59:18","date_gmt":"2026-01-14T17:59:18","guid":{"rendered":"https:\/\/ami.mr\/fr\/?p=287245"},"modified":"2026-01-14T17:59:18","modified_gmt":"2026-01-14T17:59:18","slug":"le-wali-du-tiris-zemmour-preside-une-reunion-de-sensibilisation-sur-lorganisation-de-lorpaillage","status":"publish","type":"post","link":"https:\/\/ami.mr\/fr\/archives\/287245","title":{"rendered":"Le wali du Tiris &#8211; Zemmour pr\u00e9side une r\u00e9union de sensibilisation sur l&#8217;organisation de l\u2019orpaillage"},"content":{"rendered":"<p>Le wali du Tiris &#8211; Zemmour, M. Idrissa Demba Korera, a pr\u00e9sid\u00e9, mercredi \u00e0 Zouerate, une r\u00e9union de sensibilisation regroupant les acteurs du secteur de l\u2019orpaillage.<\/p>\n<p>La r\u00e9union vise \u00e0 \u00e9tudier les m\u00e9canismes susceptibles d&#8217;organiser cette activit\u00e9 mini\u00e8re afin de pr\u00e9server l&#8217;environnement et de travailler dans les couloirs d\u00e9sign\u00e9s par l&#8217;Agence Maaden de Mauritanie, tout en respectant l&#8217;int\u00e9grit\u00e9 territoriale nationale.<\/p>\n<p>Dans un discours prononc\u00e9 \u00e0 cette occasion, le wali a indiqu\u00e9 que \u2018\u2019Son Excellence le Pr\u00e9sident de la R\u00e9publique, Monsieur Mohamed Ould Cheikh El Ghazouani, accorde une attention particuli\u00e8re au secteur de l\u2019orpaillage consid\u00e9r\u00e9 comme un secteur \u00e9conomique important en raison de son r\u00f4le dans le soutien de l&#8217;\u00e9conomie nationale et la cr\u00e9ation d&#8217;emplois\u2019\u2019.<\/p>\n<p>Il a soulign\u00e9 que les autorit\u00e9s publiques sont pleinement dispos\u00e9es \u00e0 coop\u00e9rer avec les orpailleurs afin de leur permettre d&#8217;exercer cette activit\u00e9 dans des conditions appropri\u00e9es et s\u00fbres, tout en insistant sur la n\u00e9cessit\u00e9 de respecter strictement les conditions r\u00e9gissant ce secteur.<\/p>\n<p>Le wali a insist\u00e9 sur l&#8217;importance de l&#8217;exploration dans les couloirs autoris\u00e9s par l&#8217;Agence Maaden de Mauritanie et le respect des fronti\u00e8res du pays, mettant en garde contre les dangers de l&#8217;exploration en dehors du territoire national et les cons\u00e9quences juridiques et s\u00e9curitaires qui pourraient en d\u00e9couler.<\/p>\n<p>De leur c\u00f4t\u00e9, les intervenants, parmi lesquels des \u00e9lus, des repr\u00e9sentants des orpailleurs et des investisseurs du secteur, ont salu\u00e9 l&#8217;organisation de cette rencontre de sensibilisation, s&#8217;accordant sur l&#8217;importance de ne pas au-del\u00e0 des zones autoris\u00e9es par l&#8217;Agence Maaden de Mauritanie, affirmant que l&#8217;exploration en dehors du territoire du pays est strictement interdite.<\/p>\n","protected":false},"excerpt":{"rendered":"<p>Le wali du Tiris &#8211; Zemmour, M. Idrissa Demba Korera, a pr\u00e9sid\u00e9, mercredi \u00e0 Zouerate, une r\u00e9union de sensibilisation regroupant les acteurs du secteur de l\u2019orpaillage. La r\u00e9union vise \u00e0 \u00e9tudier les m\u00e9canismes susceptibles d&#8217;organiser cette activit\u00e9 mini\u00e8re afin de pr\u00e9server l&#8217;environnement et de travailler dans les couloirs d\u00e9sign\u00e9s par l&#8217;Agence Maaden de Mauritanie, tout [&hellip;]<\/p>\n","protected":false},"author":21,"featured_media":287246,"comment_status":"open","ping_status":"open","sticky":false,"template":"","format":"standard","meta":{"footnotes":""},"categories":[63918,63957,8672],"tags":[],"class_list":["post-287245","post","type-post","status-publish","format-standard","has-post-thumbnail","hentry","category-autres","category-fil-dactualite","category-8672"],"_links":{"self":[{"href":"https:\/\/ami.mr\/fr\/wp-json\/wp\/v2\/posts\/287245","targetHints":{"allow":["GET"]}}],"collection":[{"href":"https:\/\/ami.mr\/fr\/wp-json\/wp\/v2\/posts"}],"about":[{"href":"https:\/\/ami.mr\/fr\/wp-json\/wp\/v2\/types\/post"}],"author":[{"embeddable":true,"href":"https:\/\/ami.mr\/fr\/wp-json\/wp\/v2\/users\/21"}],"replies":[{"embeddable":true,"href":"https:\/\/ami.mr\/fr\/wp-json\/wp\/v2\/comments?post=287245"}],"version-history":[{"count":1,"href":"https:\/\/ami.mr\/fr\/wp-json\/wp\/v2\/posts\/287245\/revisions"}],"predecessor-version":[{"id":287247,"href":"https:\/\/ami.mr\/fr\/wp-json\/wp\/v2\/posts\/287245\/revisions\/287247"}],"wp:featuredmedia":[{"embeddable":true,"href":"https:\/\/ami.mr\/fr\/wp-json\/wp\/v2\/media\/287246"}],"wp:attachment":[{"href":"https:\/\/ami.mr\/fr\/wp-json\/wp\/v2\/media?parent=287245"}],"wp:term":[{"taxonomy":"category","embeddable":true,"href":"https:\/\/ami.mr\/fr\/wp-json\/wp\/v2\/categories?post=287245"},{"taxonomy":"post_tag","embeddable":true,"href":"https:\/\/ami.mr\/fr\/wp-json\/wp\/v2\/tags?post=287245"}],"curies":[{"name":"wp","href":"https:\/\/api.w.org\/{rel}","templated":true}]}}