{"id":287242,"date":"2026-01-14T17:46:27","date_gmt":"2026-01-14T17:46:27","guid":{"rendered":"https:\/\/ami.mr\/fr\/?p=287242"},"modified":"2026-01-14T17:46:27","modified_gmt":"2026-01-14T17:46:27","slug":"la-ministre-de-lenvironnement-se-rend-aux-emirats-arabes-unis-2","status":"publish","type":"post","link":"https:\/\/ami.mr\/fr\/archives\/287242","title":{"rendered":"La ministre de l&#8217;Environnement se rend aux \u00c9mirats Arabes Unis"},"content":{"rendered":"<p>La ministre de l&#8217;Environnement et du D\u00e9veloppement durable, Mme Messaouda mint Baham Ould Mohamed Laghdaf, a quitt\u00e9 Nouakchott, mercredi, \u00e0 destination d&#8217;Abu Dhabi, aux \u00c9mirats Arabes Unis.<\/p>\n<p>Durant son s\u00e9jour dans la capitale \u00e9miratie, la ministre participera aux travaux de l&#8217;Assembl\u00e9e g\u00e9n\u00e9rale de l&#8217;Agence Internationale pour les \u00c9nergies Renouvelables, et au Sommet International sur l&#8217;\u00c9nergie, qui se tiennent du 10 au 16 janvier courant.<\/p>\n","protected":false},"excerpt":{"rendered":"<p>La ministre de l&#8217;Environnement et du D\u00e9veloppement durable, Mme Messaouda mint Baham Ould Mohamed Laghdaf, a quitt\u00e9 Nouakchott, mercredi, \u00e0 destination d&#8217;Abu Dhabi, aux \u00c9mirats Arabes Unis. Durant son s\u00e9jour dans la capitale \u00e9miratie, la ministre participera aux travaux de l&#8217;Assembl\u00e9e g\u00e9n\u00e9rale de l&#8217;Agence Internationale pour les \u00c9nergies Renouvelables, et au Sommet International sur l&#8217;\u00c9nergie, [&hellip;]<\/p>\n","protected":false},"author":21,"featured_media":287243,"comment_status":"open","ping_status":"open","sticky":false,"template":"","format":"standard","meta":{"footnotes":""},"categories":[63918,63957,63959],"tags":[],"class_list":["post-287242","post","type-post","status-publish","format-standard","has-post-thumbnail","hentry","category-autres","category-fil-dactualite","category-mauritanie"],"_links":{"self":[{"href":"https:\/\/ami.mr\/fr\/wp-json\/wp\/v2\/posts\/287242","targetHints":{"allow":["GET"]}}],"collection":[{"href":"https:\/\/ami.mr\/fr\/wp-json\/wp\/v2\/posts"}],"about":[{"href":"https:\/\/ami.mr\/fr\/wp-json\/wp\/v2\/types\/post"}],"author":[{"embeddable":true,"href":"https:\/\/ami.mr\/fr\/wp-json\/wp\/v2\/users\/21"}],"replies":[{"embeddable":true,"href":"https:\/\/ami.mr\/fr\/wp-json\/wp\/v2\/comments?post=287242"}],"version-history":[{"count":1,"href":"https:\/\/ami.mr\/fr\/wp-json\/wp\/v2\/posts\/287242\/revisions"}],"predecessor-version":[{"id":287244,"href":"https:\/\/ami.mr\/fr\/wp-json\/wp\/v2\/posts\/287242\/revisions\/287244"}],"wp:featuredmedia":[{"embeddable":true,"href":"https:\/\/ami.mr\/fr\/wp-json\/wp\/v2\/media\/287243"}],"wp:attachment":[{"href":"https:\/\/ami.mr\/fr\/wp-json\/wp\/v2\/media?parent=287242"}],"wp:term":[{"taxonomy":"category","embeddable":true,"href":"https:\/\/ami.mr\/fr\/wp-json\/wp\/v2\/categories?post=287242"},{"taxonomy":"post_tag","embeddable":true,"href":"https:\/\/ami.mr\/fr\/wp-json\/wp\/v2\/tags?post=287242"}],"curies":[{"name":"wp","href":"https:\/\/api.w.org\/{rel}","templated":true}]}}