{"id":287199,"date":"2026-01-13T20:35:20","date_gmt":"2026-01-13T20:35:20","guid":{"rendered":"https:\/\/ami.mr\/fr\/?p=287199"},"modified":"2026-01-13T20:35:20","modified_gmt":"2026-01-13T20:35:20","slug":"signature-du-cahier-des-charges-pour-la-rehabilitation-du-centre-daccueil-et-dintegration-sociale-des-mineurs-en-conflit-avec-la-loi","status":"publish","type":"post","link":"https:\/\/ami.mr\/fr\/archives\/287199","title":{"rendered":"Signature du cahier des charges pour la r\u00e9habilitation du Centre d&#8217;accueil et d&#8217;int\u00e9gration sociale des mineurs en conflit avec la loi"},"content":{"rendered":"<div class=\"row\">\n<div class=\"cell auto-size bd-gray\" dir=\"ltr\"><\/div>\n<\/div>\n<div class=\"row\">\n<div class=\"cell auto-size\">\n<div class=\"set-border bd-gray padding10 margin10 no-margin-right no-margin-left \" dir=\"ltr\">\n<p>Le Ministre de la Justice, M. Mohamed Ould Soueidatt, a pr\u00e9sid\u00e9, aujourd&#8217;hui mardi, dans la salle de r\u00e9union du minist\u00e8re, la c\u00e9r\u00e9monie de signature du cahier des charges pour la r\u00e9habilitation du Centre d&#8217;accueil et d&#8217;int\u00e9gration sociale des mineurs en conflit avec la loi, en partenariat avec la D\u00e9l\u00e9gation g\u00e9n\u00e9rale \u00e0 la Solidarit\u00e9 nationale et \u00e0 la Lutte contre l&#8217;Exclusion &#8220;Taazour&#8221;, et le Fonds des Nations Unies pour l&#8217;Enfance &#8220;UNICEF&#8221;.<\/p>\n<p>Outre la signature de Son Excellence le Ministre de la Justice, le document a \u00e9t\u00e9 sign\u00e9 par le D\u00e9l\u00e9gu\u00e9 g\u00e9n\u00e9ral de &#8220;Taazour&#8221;, M. Sidi Ould Moulay Zeine, et par le repr\u00e9sentant de l&#8217;UNICEF en Mauritanie, M. El Kebir Alaoui.<\/p>\n<p>Le projet de r\u00e9habilitation du Centre comprend plusieurs composantes, notamment les infrastructures, le renforcement des ressources humaines, les programmes d&#8217;\u00e9ducation et de formation, la r\u00e9habilitation et l&#8217;int\u00e9gration sociale.<\/p>\n<p>Dans une d\u00e9claration faite en marge de la c\u00e9r\u00e9monie de signature, le repr\u00e9sentant de l&#8217;UNICEF, M. El Kebir Alaoui, a d\u00e9clar\u00e9 que l&#8217;accord rev\u00eat une grande importance dans le domaine de la protection des enfants en conflit avec la loi, soulignant que sa mise en \u0153uvre se fera dans le cadre d&#8217;une coop\u00e9ration entre le Minist\u00e8re de la Justice et un certain nombre de partenaires, dont la d\u00e9l\u00e9gation &#8220;Taazour&#8221;.<\/p>\n<p>Il a ajout\u00e9 que le programme de r\u00e9habilitation vise \u00e0 r\u00e9viser et \u00e0 d\u00e9velopper le syst\u00e8me de protection des enfants en conflit avec la loi, afin d&#8217;assurer leur protection et leur r\u00e9int\u00e9gration au sein de leurs familles et de leur communaut\u00e9 en tant que citoyens mod\u00e8les, contribuant au d\u00e9veloppement social et \u00e9conomique du pays.<\/p>\n<p>Il a pr\u00e9cis\u00e9 qu&#8217;en l&#8217;espace d&#8217;un an, le Centre de r\u00e9int\u00e9gration sociale de Nouakchott deviendra l&#8217;un des centres les plus importants pour la protection et la pr\u00e9servation des droits des enfants, conform\u00e9ment aux meilleures normes internationales.<\/p>\n<\/div>\n<\/div>\n<\/div>\n","protected":false},"excerpt":{"rendered":"<p>Le Ministre de la Justice, M. Mohamed Ould Soueidatt, a pr\u00e9sid\u00e9, aujourd&#8217;hui mardi, dans la salle de r\u00e9union du minist\u00e8re, la c\u00e9r\u00e9monie de signature du cahier des charges pour la r\u00e9habilitation du Centre d&#8217;accueil et d&#8217;int\u00e9gration sociale des mineurs en conflit avec la loi, en partenariat avec la D\u00e9l\u00e9gation g\u00e9n\u00e9rale \u00e0 la Solidarit\u00e9 nationale et [&hellip;]<\/p>\n","protected":false},"author":8,"featured_media":287200,"comment_status":"open","ping_status":"open","sticky":false,"template":"","format":"standard","meta":{"footnotes":""},"categories":[63918,63957],"tags":[],"class_list":["post-287199","post","type-post","status-publish","format-standard","has-post-thumbnail","hentry","category-autres","category-fil-dactualite"],"_links":{"self":[{"href":"https:\/\/ami.mr\/fr\/wp-json\/wp\/v2\/posts\/287199","targetHints":{"allow":["GET"]}}],"collection":[{"href":"https:\/\/ami.mr\/fr\/wp-json\/wp\/v2\/posts"}],"about":[{"href":"https:\/\/ami.mr\/fr\/wp-json\/wp\/v2\/types\/post"}],"author":[{"embeddable":true,"href":"https:\/\/ami.mr\/fr\/wp-json\/wp\/v2\/users\/8"}],"replies":[{"embeddable":true,"href":"https:\/\/ami.mr\/fr\/wp-json\/wp\/v2\/comments?post=287199"}],"version-history":[{"count":1,"href":"https:\/\/ami.mr\/fr\/wp-json\/wp\/v2\/posts\/287199\/revisions"}],"predecessor-version":[{"id":287201,"href":"https:\/\/ami.mr\/fr\/wp-json\/wp\/v2\/posts\/287199\/revisions\/287201"}],"wp:featuredmedia":[{"embeddable":true,"href":"https:\/\/ami.mr\/fr\/wp-json\/wp\/v2\/media\/287200"}],"wp:attachment":[{"href":"https:\/\/ami.mr\/fr\/wp-json\/wp\/v2\/media?parent=287199"}],"wp:term":[{"taxonomy":"category","embeddable":true,"href":"https:\/\/ami.mr\/fr\/wp-json\/wp\/v2\/categories?post=287199"},{"taxonomy":"post_tag","embeddable":true,"href":"https:\/\/ami.mr\/fr\/wp-json\/wp\/v2\/tags?post=287199"}],"curies":[{"name":"wp","href":"https:\/\/api.w.org\/{rel}","templated":true}]}}