{"id":287066,"date":"2026-01-12T10:44:39","date_gmt":"2026-01-12T10:44:39","guid":{"rendered":"https:\/\/ami.mr\/fr\/?p=287066"},"modified":"2026-01-12T10:44:39","modified_gmt":"2026-01-12T10:44:39","slug":"la-wali-de-ladrar-visite-la-localite-de-el-maleh","status":"publish","type":"post","link":"https:\/\/ami.mr\/fr\/archives\/287066","title":{"rendered":"la wali de l&#8217;Adrar visite la localit\u00e9 de El Maleh"},"content":{"rendered":"<p>Le wali de l&#8217;Adrar, M. Abdallahi Ould Mohamed Mahmoud a visit\u00e9 hier dimanche la localit\u00e9 de El Maleh, relevant de la commune de Terguent (moughataa d&#8217;Ewjevt) pour s\u2019informer sur les conditions de ses habitants.<\/p>\n<p>Lors d&#8217;une r\u00e9union avec les habitants, le wali a pr\u00e9cis\u00e9 que sa visite a pour but principal de mettre en \u0153uvre les instructions de Son Excellence le Pr\u00e9sident de la R\u00e9publique, M. Mohamed Ould Cheikh El Ghazouani, visant \u00e0 renforcer le d\u00e9veloppement local afin d&#8217;am\u00e9liorer les conditions de vie des citoyens \u00e0 travers la r\u00e9alisation de services publics, notamment dans les domaines de la sant\u00e9, de l&#8217;\u00e9ducation, de l&#8217;hydraulique, de l&#8217;\u00e9lectricit\u00e9 et du d\u00e9senclavement.<\/p>\n<p>De son c\u00f4t\u00e9, le maire de Terguent, M. Ahmed Ould Bilal a insist\u00e9 sur la n\u00e9cessit\u00e9 d&#8217;acc\u00e9l\u00e9rer le rythme des r\u00e9alisations en vue de satisfaire les besoins des populations de la municipalit\u00e9.<\/p>\n<p>La visite s&#8217;est d\u00e9roul\u00e9e en pr\u00e9sence du conseiller du wali charg\u00e9 des affaires \u00e9conomiques et du d\u00e9veloppement local, du chef d\u2019arrondissement de Terguent et des directeurs r\u00e9gionaux de l&#8217;\u00e9ducation et de la sant\u00e9.<\/p>\n","protected":false},"excerpt":{"rendered":"<p>Le wali de l&#8217;Adrar, M. Abdallahi Ould Mohamed Mahmoud a visit\u00e9 hier dimanche la localit\u00e9 de El Maleh, relevant de la commune de Terguent (moughataa d&#8217;Ewjevt) pour s\u2019informer sur les conditions de ses habitants. Lors d&#8217;une r\u00e9union avec les habitants, le wali a pr\u00e9cis\u00e9 que sa visite a pour but principal de mettre en \u0153uvre [&hellip;]<\/p>\n","protected":false},"author":21,"featured_media":287067,"comment_status":"open","ping_status":"open","sticky":false,"template":"","format":"standard","meta":{"footnotes":""},"categories":[63918,63957,8672],"tags":[],"class_list":["post-287066","post","type-post","status-publish","format-standard","has-post-thumbnail","hentry","category-autres","category-fil-dactualite","category-8672"],"_links":{"self":[{"href":"https:\/\/ami.mr\/fr\/wp-json\/wp\/v2\/posts\/287066","targetHints":{"allow":["GET"]}}],"collection":[{"href":"https:\/\/ami.mr\/fr\/wp-json\/wp\/v2\/posts"}],"about":[{"href":"https:\/\/ami.mr\/fr\/wp-json\/wp\/v2\/types\/post"}],"author":[{"embeddable":true,"href":"https:\/\/ami.mr\/fr\/wp-json\/wp\/v2\/users\/21"}],"replies":[{"embeddable":true,"href":"https:\/\/ami.mr\/fr\/wp-json\/wp\/v2\/comments?post=287066"}],"version-history":[{"count":1,"href":"https:\/\/ami.mr\/fr\/wp-json\/wp\/v2\/posts\/287066\/revisions"}],"predecessor-version":[{"id":287068,"href":"https:\/\/ami.mr\/fr\/wp-json\/wp\/v2\/posts\/287066\/revisions\/287068"}],"wp:featuredmedia":[{"embeddable":true,"href":"https:\/\/ami.mr\/fr\/wp-json\/wp\/v2\/media\/287067"}],"wp:attachment":[{"href":"https:\/\/ami.mr\/fr\/wp-json\/wp\/v2\/media?parent=287066"}],"wp:term":[{"taxonomy":"category","embeddable":true,"href":"https:\/\/ami.mr\/fr\/wp-json\/wp\/v2\/categories?post=287066"},{"taxonomy":"post_tag","embeddable":true,"href":"https:\/\/ami.mr\/fr\/wp-json\/wp\/v2\/tags?post=287066"}],"curies":[{"name":"wp","href":"https:\/\/api.w.org\/{rel}","templated":true}]}}