{"id":287049,"date":"2026-01-11T19:29:08","date_gmt":"2026-01-11T19:29:08","guid":{"rendered":"https:\/\/ami.mr\/fr\/?p=287049"},"modified":"2026-01-11T19:29:08","modified_gmt":"2026-01-11T19:29:08","slug":"le-wali-de-ladrar-tient-une-reunion-avec-les-habitants-du-village-de-ouyoune-ehel-mini","status":"publish","type":"post","link":"https:\/\/ami.mr\/fr\/archives\/287049","title":{"rendered":"Le wali de l&#8217;Adrar tient une r\u00e9union avec les habitants du village de &#8220;Ouyoune Ehel Mini&#8221;"},"content":{"rendered":"<div class=\"row\"><\/div>\n<div class=\"row\">\n<div class=\"cell auto-size\">\n<div class=\"set-border bd-gray padding10 margin10 no-margin-right no-margin-left \" dir=\"ltr\">\n<p>Le wali de l&#8217;Adrar, M. Abdellahi Ould Mohamed Mahmoud, a effectu\u00e9, samedi, une visite au village de &#8220;Ouyoune Ehel Mini&#8221; qui lui a permis de s&#8217;informer de pr\u00e8s sur les conditions de vie des populations de ce village relevant de l&#8217;arrondissement de N&#8217;Terguint (Moughataa d&#8217;Aoujeft).<\/p>\n<p>Au cours d&#8217;une r\u00e9union qu&#8217;il a tenue \u00e0 cette occasion, le wali a indiqu\u00e9 que sa visite \u00e0 pour but d&#8217;ex\u00e9cuter les hautes instructions du Pr\u00e9sident de la R\u00e9publique, Son Excellence Monsieur Mohamed Ould Cheikh El Ghazouani visant \u00e0 renforcer le d\u00e9veloppement local au niveau de ce village rural et \u00e0 s&#8217;informer de pr\u00e8s sur les conditions de vie des populations et d&#8217;\u00e9couter leurs probl\u00e8mes.<\/p>\n<p>Il a exhort\u00e9 les habitants du village \u00e0 s&#8217;orienter vers l&#8217;agriculture et l&#8217;\u00e9levage pour contribuer \u00e0 la cr\u00e9ation des conditions appropri\u00e9es \u00e0 la fixation des populations dans leur terroir, soulignant que le gouvernement \u0153uvre pour l&#8217;am\u00e9lioration des conditions de vie des citoyens dans toutes les zones du pays \u00e0 travers l&#8217;appui aux coop\u00e9ratives f\u00e9minines et \u00e0 rendre disponibles l&#8217;eau, l&#8217;\u00e9lectricit\u00e9, l&#8217;enseignement et la sant\u00e9.<\/p>\n<p>De son c\u00f4t\u00e9, le maire de la commune de N&#8217;Terguint, M. Ahmed Ould Blal, a lou\u00e9 cette visite, appelant au d\u00e9senclavement du village, \u00e0 la r\u00e9alisation d&#8217;un r\u00e9seau d&#8217;adduction d&#8217;eau potable et \u00e0 mettre en place des projets g\u00e9n\u00e9rateurs de revenus dans le but de renforcer les moyens permettant une vie digne pour les populations dans cette zone.<\/p>\n<p>Le wali a tenu, par la suite, une r\u00e9union au cours de laquelle il a appel\u00e9 les populations, encore une fois de plus, \u00e0 s&#8217;orienter vers l&#8217;agriculture qui constitue, a-t-il dit, la sources fondamentale pour la r\u00e9alisation de l&#8217;autosuffisance alimentaire, soulignant que sa visite dans le village s&#8217;inscrit dans le cadre des instructions du Pr\u00e9sident de la R\u00e9publique visant \u00e0 rapprocher l&#8217;administration des administr\u00e9s.<\/p>\n<\/div>\n<\/div>\n<\/div>\n","protected":false},"excerpt":{"rendered":"<p>Le wali de l&#8217;Adrar, M. Abdellahi Ould Mohamed Mahmoud, a effectu\u00e9, samedi, une visite au village de &#8220;Ouyoune Ehel Mini&#8221; qui lui a permis de s&#8217;informer de pr\u00e8s sur les conditions de vie des populations de ce village relevant de l&#8217;arrondissement de N&#8217;Terguint (Moughataa d&#8217;Aoujeft). Au cours d&#8217;une r\u00e9union qu&#8217;il a tenue \u00e0 cette occasion, [&hellip;]<\/p>\n","protected":false},"author":8,"featured_media":287050,"comment_status":"open","ping_status":"open","sticky":false,"template":"","format":"standard","meta":{"footnotes":""},"categories":[63918,63957],"tags":[],"class_list":["post-287049","post","type-post","status-publish","format-standard","has-post-thumbnail","hentry","category-autres","category-fil-dactualite"],"_links":{"self":[{"href":"https:\/\/ami.mr\/fr\/wp-json\/wp\/v2\/posts\/287049","targetHints":{"allow":["GET"]}}],"collection":[{"href":"https:\/\/ami.mr\/fr\/wp-json\/wp\/v2\/posts"}],"about":[{"href":"https:\/\/ami.mr\/fr\/wp-json\/wp\/v2\/types\/post"}],"author":[{"embeddable":true,"href":"https:\/\/ami.mr\/fr\/wp-json\/wp\/v2\/users\/8"}],"replies":[{"embeddable":true,"href":"https:\/\/ami.mr\/fr\/wp-json\/wp\/v2\/comments?post=287049"}],"version-history":[{"count":1,"href":"https:\/\/ami.mr\/fr\/wp-json\/wp\/v2\/posts\/287049\/revisions"}],"predecessor-version":[{"id":287051,"href":"https:\/\/ami.mr\/fr\/wp-json\/wp\/v2\/posts\/287049\/revisions\/287051"}],"wp:featuredmedia":[{"embeddable":true,"href":"https:\/\/ami.mr\/fr\/wp-json\/wp\/v2\/media\/287050"}],"wp:attachment":[{"href":"https:\/\/ami.mr\/fr\/wp-json\/wp\/v2\/media?parent=287049"}],"wp:term":[{"taxonomy":"category","embeddable":true,"href":"https:\/\/ami.mr\/fr\/wp-json\/wp\/v2\/categories?post=287049"},{"taxonomy":"post_tag","embeddable":true,"href":"https:\/\/ami.mr\/fr\/wp-json\/wp\/v2\/tags?post=287049"}],"curies":[{"name":"wp","href":"https:\/\/api.w.org\/{rel}","templated":true}]}}