{"id":287008,"date":"2026-01-10T13:25:58","date_gmt":"2026-01-10T13:25:58","guid":{"rendered":"https:\/\/ami.mr\/fr\/?p=287008"},"modified":"2026-01-10T13:25:58","modified_gmt":"2026-01-10T13:25:58","slug":"nema-formation-au-profit-des-responsables-administratifs-et-financiers-des-communes-des-wilayas-des-deux-hodhs","status":"publish","type":"post","link":"https:\/\/ami.mr\/fr\/archives\/287008","title":{"rendered":"N\u00e9ma : Formation au profit des responsables administratifs et financiers des communes des wilayas des deux Hodhs"},"content":{"rendered":"<p>Une formation au profit des secr\u00e9taires g\u00e9n\u00e9raux et des responsables administratifs et financiers des communes des wilayas du Hodh Charghi et du Hodh El Gharbi a d\u00e9but\u00e9 ce samedi \u00e0 Nema.<\/p>\n<p>Cette formation est organis\u00e9e par le Programme d&#8217;appui \u00e0 la d\u00e9centralisation et au d\u00e9veloppement local (DECLIC), sous l&#8217;\u00e9gide de la Direction g\u00e9n\u00e9rale de la d\u00e9centralisation et du d\u00e9veloppement local du minist\u00e8re de l&#8217;Int\u00e9rieur et de la Promotion de la d\u00e9centralisation et du d\u00e9veloppement local.<\/p>\n<p>Dans son allocution, le directeur du cabinet du wali du Hodh Charghi, M. Sidi Mohamed Ould Mohamed Abdallahi, a affirm\u00e9 que cette formation s&#8217;inscrit dans le cadre des efforts d\u00e9ploy\u00e9s pour renforcer les capacit\u00e9s des acteurs locaux.<\/p>\n<p>Il a soulign\u00e9 que l&#8217;adoption du logiciel \u00ab Registre \u00bb repr\u00e9sente un progr\u00e8s consid\u00e9rable en mati\u00e8re de num\u00e9risation des processus administratifs et financiers au niveau local.<\/p>\n<p>Il a indiqu\u00e9 que cette mesure contribuera directement \u00e0 faciliter le travail des agents des collectivit\u00e9s locales, leur permettant d&#8217;exercer leurs fonctions avec fluidit\u00e9 et professionnalisme, et garantissant ainsi l&#8217;efficacit\u00e9 de la gestion publique au niveau local.<\/p>\n<p>Le programme \u00ab Registre \u00bb est un pilier de la strat\u00e9gie du minist\u00e8re pour la num\u00e9risation de l&#8217;administration publique. Il vise \u00e0 harmoniser les syst\u00e8mes de gestion financi\u00e8re et administrative des communes et \u00e0 fournir une base de donn\u00e9es pr\u00e9cise favorisant le d\u00e9veloppement local et facilitant le suivi et le contr\u00f4le.<\/p>\n<p>La c\u00e9r\u00e9monie d\u2019ouverture de l\u2019atelier de formation s&#8217;est d\u00e9roul\u00e9e en pr\u00e9sence du hakem de la moughataa de N\u00e9ma, du d\u00e9l\u00e9gu\u00e9 r\u00e9gional \u00e0 la d\u00e9centralisation et au d\u00e9veloppement local, de plusieurs responsables du minist\u00e8re de l&#8217;Int\u00e9rieur.<\/p>\n","protected":false},"excerpt":{"rendered":"<p>Une formation au profit des secr\u00e9taires g\u00e9n\u00e9raux et des responsables administratifs et financiers des communes des wilayas du Hodh Charghi et du Hodh El Gharbi a d\u00e9but\u00e9 ce samedi \u00e0 Nema. Cette formation est organis\u00e9e par le Programme d&#8217;appui \u00e0 la d\u00e9centralisation et au d\u00e9veloppement local (DECLIC), sous l&#8217;\u00e9gide de la Direction g\u00e9n\u00e9rale de la [&hellip;]<\/p>\n","protected":false},"author":17,"featured_media":287009,"comment_status":"open","ping_status":"open","sticky":false,"template":"","format":"standard","meta":{"footnotes":""},"categories":[63918,63957,8672],"tags":[],"class_list":["post-287008","post","type-post","status-publish","format-standard","has-post-thumbnail","hentry","category-autres","category-fil-dactualite","category-8672"],"_links":{"self":[{"href":"https:\/\/ami.mr\/fr\/wp-json\/wp\/v2\/posts\/287008","targetHints":{"allow":["GET"]}}],"collection":[{"href":"https:\/\/ami.mr\/fr\/wp-json\/wp\/v2\/posts"}],"about":[{"href":"https:\/\/ami.mr\/fr\/wp-json\/wp\/v2\/types\/post"}],"author":[{"embeddable":true,"href":"https:\/\/ami.mr\/fr\/wp-json\/wp\/v2\/users\/17"}],"replies":[{"embeddable":true,"href":"https:\/\/ami.mr\/fr\/wp-json\/wp\/v2\/comments?post=287008"}],"version-history":[{"count":1,"href":"https:\/\/ami.mr\/fr\/wp-json\/wp\/v2\/posts\/287008\/revisions"}],"predecessor-version":[{"id":287010,"href":"https:\/\/ami.mr\/fr\/wp-json\/wp\/v2\/posts\/287008\/revisions\/287010"}],"wp:featuredmedia":[{"embeddable":true,"href":"https:\/\/ami.mr\/fr\/wp-json\/wp\/v2\/media\/287009"}],"wp:attachment":[{"href":"https:\/\/ami.mr\/fr\/wp-json\/wp\/v2\/media?parent=287008"}],"wp:term":[{"taxonomy":"category","embeddable":true,"href":"https:\/\/ami.mr\/fr\/wp-json\/wp\/v2\/categories?post=287008"},{"taxonomy":"post_tag","embeddable":true,"href":"https:\/\/ami.mr\/fr\/wp-json\/wp\/v2\/tags?post=287008"}],"curies":[{"name":"wp","href":"https:\/\/api.w.org\/{rel}","templated":true}]}}