{"id":286924,"date":"2026-01-08T19:16:37","date_gmt":"2026-01-08T19:16:37","guid":{"rendered":"https:\/\/ami.mr\/fr\/?p=286924"},"modified":"2026-01-08T19:16:37","modified_gmt":"2026-01-08T19:16:37","slug":"reunion-elargie-pour-discuter-des-mecanismes-dorganisation-a-temps-des-foires-du-ramadan","status":"publish","type":"post","link":"https:\/\/ami.mr\/fr\/archives\/286924","title":{"rendered":"R\u00e9union \u00e9largie pour discuter des m\u00e9canismes d&#8217;organisation \u00e0 temps des foires du Ramadan"},"content":{"rendered":"<div class=\"row\"><\/div>\n<div class=\"row\">\n<div class=\"cell auto-size\">\n<div class=\"set-border bd-gray padding10 margin10 no-margin-right no-margin-left \" dir=\"ltr\">\n<p>La ministre du Commerce et du Tourisme, Madame Zeinebou Mint Ahmednah, accompagn\u00e9e du ministre de l&#8217;Agriculture et de la Souverainet\u00e9 Alimentaire, Monsieur Sid&#8217;Ahmed Ould Bouh, a pr\u00e9sid\u00e9, ce jeudi, dans les locaux du Minist\u00e8re du Commerce et du Tourisme, une r\u00e9union \u00e9largie consacr\u00e9e \u00e0 l&#8217;examen des m\u00e9canismes d&#8217;organisation des expositions du Ramadan et \u00e0 la garantie de leur pr\u00e9paration dans les d\u00e9lais impartis.<\/p>\n<p>Cette r\u00e9union, \u00e0 laquelle ont assist\u00e9 le conseiller du Premier ministre, Monsieur Mohamed Abba Jeilani, les walis de Nouakchott Ouest, Nord et Sud, le pr\u00e9sident de l&#8217;Union Nationale du Patronat Mauritanien, et le pr\u00e9sident de la F\u00e9d\u00e9ration du Commerce, s&#8217;inscrit dans le cadre de la mise en \u0153uvre des hautes instructions de Son Excellence le Pr\u00e9sident de la R\u00e9publique, Monsieur Mohamed Ould Cheikh El Ghazouani, et sous la direction de Son Excellence le Premier Ministre, Monsieur El Moctar Ould Djay.<\/p>\n<p>Cette rencontre s&#8217;inscrit dans une approche participative impliquant les diff\u00e9rents secteurs gouvernementaux concern\u00e9s, notamment les minist\u00e8res du Commerce et du Tourisme, de l&#8217;Agriculture et de la Souverainet\u00e9 Alimentaire, de l&#8217;Elevage, de la P\u00eache et des Infrastructures maritimes et portuaires, en partenariat avec le patronat mauritanien, afin de renforcer l&#8217;offre et de consolider la pr\u00e9sence du produit national sur le march\u00e9 national.<\/p>\n<p>La ministre du Commerce et du Tourisme a affirm\u00e9, dans une d\u00e9claration \u00e0 l&#8217;Agence Mauritanienne d&#8217;Information \u00e0 cette occasion, que les pr\u00e9paratifs de l&#8217;op\u00e9ration du Ramadan ont atteint des \u00e9tapes avanc\u00e9es, soulignant que l&#8217;implication des autorit\u00e9s administratives constitue un pilier essentiel pour le succ\u00e8s de cette op\u00e9ration, en raison de leur r\u00f4le central dans le suivi sur le terrain et l&#8217;organisation.<\/p>\n<p>Elle a affirm\u00e9 que le gouvernement, par l&#8217;interm\u00e9diaire d&#8217;un comit\u00e9 minist\u00e9riel sp\u00e9cialis\u00e9, a \u00e9mis des instructions claires \u00e0 tous les secteurs intervenants, rappelant les r\u00e9sultats positifs de l&#8217;exp\u00e9rience du Ramadan dernier, qui ont contribu\u00e9 \u00e0 la r\u00e9gulation des prix, \u00e0 la limitation de la sp\u00e9culation et \u00e0 la garantie de la fluidit\u00e9 de l&#8217;approvisionnement \u00e0 toutes les \u00e9tapes de l&#8217;op\u00e9ration.<\/p>\n<p>Elle a soulign\u00e9 que la performance des diff\u00e9rents partenaires a \u00e9t\u00e9 satisfaisante, tant au niveau de l&#8217;approvisionnement que du transport ou de la coordination, saluant la coop\u00e9ration existante entre les secteurs public et priv\u00e9, ainsi que l&#8217;engagement responsable du patronat et de toutes les parties concern\u00e9es.<\/p>\n<p>Elle a indiqu\u00e9 que le comit\u00e9 minist\u00e9riel a d\u00e9cid\u00e9, sur la base de la pertinence de l&#8217;exp\u00e9rience pr\u00e9c\u00e9dente, d&#8217;augmenter le nombre de foires du Ramadan cette ann\u00e9e de sept \u00e0 neuf, en raison de leur impact direct sur la ma\u00eetrise de la hausse des prix et le renforcement de la disponibilit\u00e9 des produits nationaux, tels que les l\u00e9gumes, les produits laitiers et leurs d\u00e9riv\u00e9s, la viande et le poisson, en plus d&#8217;autres produits de base.<\/p>\n<p>La Ministre du Commerce et du Tourisme a not\u00e9 que ces efforts s&#8217;inscrivent dans un package d&#8217;interventions du Ramadan mises en \u0153uvre par d&#8217;autres secteurs, notamment le secteur de la D\u00e9l\u00e9gation G\u00e9n\u00e9rale \u00e0 la Solidarit\u00e9 Nationale et \u00e0 la Lutte contre l&#8217;Exclusion &#8220;Taazour&#8221; et le Commissariat \u00e0 la S\u00e9curit\u00e9 Alimentaire, dans le but d&#8217;all\u00e9ger le fardeau de la vie des citoyens pendant le mois sacr\u00e9 du Ramadan, qui conna\u00eet une augmentation significative des niveaux de consommation.<\/p>\n<p>Elle a affirm\u00e9, en conclusion de sa d\u00e9claration, que les mesures r\u00e9glementaires prises couvriront tous les produits de base, en accordant la priorit\u00e9 au produit national, exprimant son espoir que l&#8217;op\u00e9ration du Ramadan de cette ann\u00e9e donne de meilleurs r\u00e9sultats assurant ainsi la continuit\u00e9 du succ\u00e8s obtenu au cours des ann\u00e9es pr\u00e9c\u00e9dentes.<\/p>\n<\/div>\n<\/div>\n<\/div>\n","protected":false},"excerpt":{"rendered":"<p>La ministre du Commerce et du Tourisme, Madame Zeinebou Mint Ahmednah, accompagn\u00e9e du ministre de l&#8217;Agriculture et de la Souverainet\u00e9 Alimentaire, Monsieur Sid&#8217;Ahmed Ould Bouh, a pr\u00e9sid\u00e9, ce jeudi, dans les locaux du Minist\u00e8re du Commerce et du Tourisme, une r\u00e9union \u00e9largie consacr\u00e9e \u00e0 l&#8217;examen des m\u00e9canismes d&#8217;organisation des expositions du Ramadan et \u00e0 la [&hellip;]<\/p>\n","protected":false},"author":8,"featured_media":286925,"comment_status":"open","ping_status":"open","sticky":false,"template":"","format":"standard","meta":{"footnotes":""},"categories":[63920,63957],"tags":[],"class_list":["post-286924","post","type-post","status-publish","format-standard","has-post-thumbnail","hentry","category-a-la-une","category-fil-dactualite"],"_links":{"self":[{"href":"https:\/\/ami.mr\/fr\/wp-json\/wp\/v2\/posts\/286924","targetHints":{"allow":["GET"]}}],"collection":[{"href":"https:\/\/ami.mr\/fr\/wp-json\/wp\/v2\/posts"}],"about":[{"href":"https:\/\/ami.mr\/fr\/wp-json\/wp\/v2\/types\/post"}],"author":[{"embeddable":true,"href":"https:\/\/ami.mr\/fr\/wp-json\/wp\/v2\/users\/8"}],"replies":[{"embeddable":true,"href":"https:\/\/ami.mr\/fr\/wp-json\/wp\/v2\/comments?post=286924"}],"version-history":[{"count":1,"href":"https:\/\/ami.mr\/fr\/wp-json\/wp\/v2\/posts\/286924\/revisions"}],"predecessor-version":[{"id":286926,"href":"https:\/\/ami.mr\/fr\/wp-json\/wp\/v2\/posts\/286924\/revisions\/286926"}],"wp:featuredmedia":[{"embeddable":true,"href":"https:\/\/ami.mr\/fr\/wp-json\/wp\/v2\/media\/286925"}],"wp:attachment":[{"href":"https:\/\/ami.mr\/fr\/wp-json\/wp\/v2\/media?parent=286924"}],"wp:term":[{"taxonomy":"category","embeddable":true,"href":"https:\/\/ami.mr\/fr\/wp-json\/wp\/v2\/categories?post=286924"},{"taxonomy":"post_tag","embeddable":true,"href":"https:\/\/ami.mr\/fr\/wp-json\/wp\/v2\/tags?post=286924"}],"curies":[{"name":"wp","href":"https:\/\/api.w.org\/{rel}","templated":true}]}}