{"id":286846,"date":"2026-01-07T20:27:27","date_gmt":"2026-01-07T20:27:27","guid":{"rendered":"https:\/\/ami.mr\/fr\/?p=286846"},"modified":"2026-01-07T20:27:27","modified_gmt":"2026-01-07T20:27:27","slug":"la-wali-du-dakhlet-nouadhibou-se-reunit-avec-les-directeurs-regionaux-et-les-chefs-de-service","status":"publish","type":"post","link":"https:\/\/ami.mr\/fr\/archives\/286846","title":{"rendered":"La wali du Dakhlet &#8211; Nouadhibou se r\u00e9unit avec les directeurs r\u00e9gionaux et les chefs de service"},"content":{"rendered":"<p>La wali du Dakhlet Nouadhibou, Mme T\u2019fella mint Mohameden Hadna, a tenu, mercredi \u00e0 Nouadhibou, une r\u00e9union avec les directeurs, les chefs des services r\u00e9gionaux et les autorit\u00e9s administratives.<\/p>\n<p>Dans son allocution \u00e0 cette occasion, Mme la wali a indiqu\u00e9 que \u2018\u2019la r\u00e9union vise \u00e0 examiner la situation et le niveau de prestation des services, ainsi que les d\u00e9fis auxquels ils sont confront\u00e9s afin de trouver les solutions n\u00e9cessaires garantissant que ces services soient plus proches des citoyens et plus efficaces, conform\u00e9ment aux directives de Son Excellence le Pr\u00e9sident de la R\u00e9publique, Monsieur Mohamed Ould Cheikh El Ghazouani, visant \u00e0 rapprocher le service des citoyens\u2019\u2019.<\/p>\n<p>Elle a affirm\u00e9 sa volont\u00e9 de coop\u00e9rer avec tous les acteurs locaux au niveau de la wilaya afin de surmonter toutes les difficult\u00e9s et relever les d\u00e9fis auxquels ils sont confront\u00e9s, soulignant le r\u00f4le cl\u00e9 des administrations r\u00e9gionales dans le rapprochement du service du citoyen compt\u00e9 tenu de leur proximit\u00e9 des citoyens.<\/p>\n<p>La r\u00e9union s&#8217;est d\u00e9roul\u00e9e en pr\u00e9sence du wali mou\u00e7aid, M. Mohamed Fadhel Mohamed Abdelwehab, du hakem de la moughataa de Nouadhibou, M. Sid\u2019Ahmed Ould Houweibib, du maire de la commune, le d\u00e9put\u00e9 El Ghassem Ould Bellali, du personnel de cabinet de la wali, et des repr\u00e9sentants des administrations et services r\u00e9gionaux.<\/p>\n","protected":false},"excerpt":{"rendered":"<p>La wali du Dakhlet Nouadhibou, Mme T\u2019fella mint Mohameden Hadna, a tenu, mercredi \u00e0 Nouadhibou, une r\u00e9union avec les directeurs, les chefs des services r\u00e9gionaux et les autorit\u00e9s administratives. Dans son allocution \u00e0 cette occasion, Mme la wali a indiqu\u00e9 que \u2018\u2019la r\u00e9union vise \u00e0 examiner la situation et le niveau de prestation des services, [&hellip;]<\/p>\n","protected":false},"author":5,"featured_media":286847,"comment_status":"open","ping_status":"open","sticky":false,"template":"","format":"standard","meta":{"footnotes":""},"categories":[63918,63957,8672],"tags":[],"class_list":["post-286846","post","type-post","status-publish","format-standard","has-post-thumbnail","hentry","category-autres","category-fil-dactualite","category-8672"],"_links":{"self":[{"href":"https:\/\/ami.mr\/fr\/wp-json\/wp\/v2\/posts\/286846","targetHints":{"allow":["GET"]}}],"collection":[{"href":"https:\/\/ami.mr\/fr\/wp-json\/wp\/v2\/posts"}],"about":[{"href":"https:\/\/ami.mr\/fr\/wp-json\/wp\/v2\/types\/post"}],"author":[{"embeddable":true,"href":"https:\/\/ami.mr\/fr\/wp-json\/wp\/v2\/users\/5"}],"replies":[{"embeddable":true,"href":"https:\/\/ami.mr\/fr\/wp-json\/wp\/v2\/comments?post=286846"}],"version-history":[{"count":1,"href":"https:\/\/ami.mr\/fr\/wp-json\/wp\/v2\/posts\/286846\/revisions"}],"predecessor-version":[{"id":286848,"href":"https:\/\/ami.mr\/fr\/wp-json\/wp\/v2\/posts\/286846\/revisions\/286848"}],"wp:featuredmedia":[{"embeddable":true,"href":"https:\/\/ami.mr\/fr\/wp-json\/wp\/v2\/media\/286847"}],"wp:attachment":[{"href":"https:\/\/ami.mr\/fr\/wp-json\/wp\/v2\/media?parent=286846"}],"wp:term":[{"taxonomy":"category","embeddable":true,"href":"https:\/\/ami.mr\/fr\/wp-json\/wp\/v2\/categories?post=286846"},{"taxonomy":"post_tag","embeddable":true,"href":"https:\/\/ami.mr\/fr\/wp-json\/wp\/v2\/tags?post=286846"}],"curies":[{"name":"wp","href":"https:\/\/api.w.org\/{rel}","templated":true}]}}