{"id":286760,"date":"2026-01-05T20:01:58","date_gmt":"2026-01-05T20:01:58","guid":{"rendered":"https:\/\/ami.mr\/fr\/?p=286760"},"modified":"2026-01-05T20:01:58","modified_gmt":"2026-01-05T20:01:58","slug":"le-ministre-de-la-culture-preside-louverture-de-la-septieme-edition-du-festival-de-la-culture-et-de-lagriculture-a-bourat","status":"publish","type":"post","link":"https:\/\/ami.mr\/fr\/archives\/286760","title":{"rendered":"Le ministre de la Culture pr\u00e9side l&#8217;ouverture de la septi\u00e8me \u00e9dition du Festival de la Culture et de l&#8217;Agriculture \u00e0 Bourat"},"content":{"rendered":"<div class=\"row\">\n<div class=\"cell auto-size bd-gray\" dir=\"ltr\"><\/div>\n<\/div>\n<div class=\"row\">\n<div class=\"cell auto-size\">\n<div class=\"set-border bd-gray padding10 margin10 no-margin-right no-margin-left \" dir=\"ltr\">\n<p>Le ministre de la culture, des arts, de la communication et des relations avec le parlement, porte-parole du gouvernement, M. El Houssein Ould Meddou, a pr\u00e9sid\u00e9 hier, dans la commune de Bourat relevant de la moughataa de Maal, en compagnie du wali mou\u00e7aid du Brakna, M. Sidi Mohamed Ould Abdellahi Ould El Bounani, l&#8217;ouverture de la septi\u00e8me \u00e9dition du Festival de la Culture et de l&#8217;Agriculture (Festival Taghalit), organis\u00e9 par l&#8217;Organisation &#8220;Coop\u00e9ration par le D\u00e9veloppement&#8221; sous le slogan (Pour une autosuffisance durable et une coexistence pacifique continue).<\/p>\n<p>\u00c0 travers ce festival de trois jours, &#8220;Coop\u00e9ration par le D\u00e9veloppement&#8221; vise \u00e0 mettre en lumi\u00e8re l&#8217;importance de l&#8217;agriculture et son r\u00f4le central dans la r\u00e9alisation de l&#8217;autosuffisance.<\/p>\n<p>Dans son discours \u00e0 cette occasion, le ministre de la culture, des arts, de la communication et des relations avec le parlement a soulign\u00e9 que &#8220;la s\u00e9curit\u00e9 alimentaire est la base de la souverainet\u00e9, l&#8217;agriculture est la base de la stabilit\u00e9, et l&#8217;autonomie est le chemin de la dignit\u00e9&#8221;, ajoutant que les exp\u00e9riences nous ont appris que les nations qui connaissent la valeur de leur terre et savent investir ses richesses sont les nations capables de prot\u00e9ger leur pr\u00e9sent et leur avenir.<\/p>\n<p>Il a ajout\u00e9 que l&#8217;agriculture est, par essence, un comportement civilis\u00e9 et une pratique citoyenne qui renforce l&#8217;appartenance, inculque les valeurs de patience, de travail, de solidarit\u00e9 et de responsabilit\u00e9 partag\u00e9e, et promeut l&#8217;esprit de justice entre les g\u00e9n\u00e9rations.<\/p>\n<p>De son c\u00f4t\u00e9, le pr\u00e9sident de la r\u00e9gion du Brakna, M. El Moustapha Ould Mohamed Mahmoud, a affirm\u00e9 que le Festival Taghalit incarne la profondeur de l&#8217;appartenance et refl\u00e8te la richesse de la zone de Lagueilat avec son authenticit\u00e9, son histoire et ses potentialit\u00e9s prometteuses, saluant l&#8217;adaptation des hommes de la r\u00e9gion \u00e0 la terre et leur exploitation de ses richesses.<\/p>\n<p>Quant au maire de la commune de Bourat, M. Cheibani Ould Alinyne, et au pr\u00e9sident du Festival Taghalit, M. El Ghacem Taleb Beybakar, ils ont salu\u00e9 le r\u00f4le des autorit\u00e9s dans l&#8217;organisation du festival, exprimant leurs remerciements au Pr\u00e9sident de la R\u00e9publique, M. Mohamed Ould Cheikh El Ghazouani, pour l&#8217;attention qu&#8217;il accorde aux habitants de la commune de Bourat.<\/p>\n<p>Ils ont soulign\u00e9 que les objectifs fondamentaux du festival &#8220;Taghalit&#8221; sont de mettre en lumi\u00e8re l&#8217;agriculture, de souligner son importance dans la r\u00e9alisation de l&#8217;autosuffisance, et de faire entendre les voix et les revendications des agriculteurs aux autorit\u00e9s concern\u00e9es.<\/p>\n<p>L&#8217;ouverture du festival s&#8217;est d\u00e9roul\u00e9e en pr\u00e9sence du hakem mou\u00e7aid de la moughataa de Maal, du d\u00e9put\u00e9 de la moughataa de Maal, M. Zeini Ould Ahmed El Hadi, des autorit\u00e9s s\u00e9curitaires de la moughataa, ainsi que de nombreux cadres, dignitaires et habitants de la commune de Bourat.<\/p>\n<\/div>\n<\/div>\n<\/div>\n","protected":false},"excerpt":{"rendered":"<p>Le ministre de la culture, des arts, de la communication et des relations avec le parlement, porte-parole du gouvernement, M. El Houssein Ould Meddou, a pr\u00e9sid\u00e9 hier, dans la commune de Bourat relevant de la moughataa de Maal, en compagnie du wali mou\u00e7aid du Brakna, M. Sidi Mohamed Ould Abdellahi Ould El Bounani, l&#8217;ouverture de [&hellip;]<\/p>\n","protected":false},"author":8,"featured_media":286761,"comment_status":"open","ping_status":"open","sticky":false,"template":"","format":"standard","meta":{"footnotes":""},"categories":[63920,63957],"tags":[],"class_list":["post-286760","post","type-post","status-publish","format-standard","has-post-thumbnail","hentry","category-a-la-une","category-fil-dactualite"],"_links":{"self":[{"href":"https:\/\/ami.mr\/fr\/wp-json\/wp\/v2\/posts\/286760","targetHints":{"allow":["GET"]}}],"collection":[{"href":"https:\/\/ami.mr\/fr\/wp-json\/wp\/v2\/posts"}],"about":[{"href":"https:\/\/ami.mr\/fr\/wp-json\/wp\/v2\/types\/post"}],"author":[{"embeddable":true,"href":"https:\/\/ami.mr\/fr\/wp-json\/wp\/v2\/users\/8"}],"replies":[{"embeddable":true,"href":"https:\/\/ami.mr\/fr\/wp-json\/wp\/v2\/comments?post=286760"}],"version-history":[{"count":1,"href":"https:\/\/ami.mr\/fr\/wp-json\/wp\/v2\/posts\/286760\/revisions"}],"predecessor-version":[{"id":286762,"href":"https:\/\/ami.mr\/fr\/wp-json\/wp\/v2\/posts\/286760\/revisions\/286762"}],"wp:featuredmedia":[{"embeddable":true,"href":"https:\/\/ami.mr\/fr\/wp-json\/wp\/v2\/media\/286761"}],"wp:attachment":[{"href":"https:\/\/ami.mr\/fr\/wp-json\/wp\/v2\/media?parent=286760"}],"wp:term":[{"taxonomy":"category","embeddable":true,"href":"https:\/\/ami.mr\/fr\/wp-json\/wp\/v2\/categories?post=286760"},{"taxonomy":"post_tag","embeddable":true,"href":"https:\/\/ami.mr\/fr\/wp-json\/wp\/v2\/tags?post=286760"}],"curies":[{"name":"wp","href":"https:\/\/api.w.org\/{rel}","templated":true}]}}