{"id":286711,"date":"2026-01-04T10:48:42","date_gmt":"2026-01-04T10:48:42","guid":{"rendered":"https:\/\/ami.mr\/fr\/?p=286711"},"modified":"2026-01-04T12:12:57","modified_gmt":"2026-01-04T12:12:57","slug":"ouverture-de-la-premiere-edition-du-festival-du-desert-de-lauthenticite-et-du-patrimoine-dans-la-commune-doum-lahyadh","status":"publish","type":"post","link":"https:\/\/ami.mr\/fr\/archives\/286711","title":{"rendered":"Ouverture de la premi\u00e8re \u00e9dition du Festival El Badia de l&#8217;Authenticit\u00e9 et du Patrimoine dans la commune d&#8217;Oum Lahyadh"},"content":{"rendered":"<p>Le ministre de la Culture, des Arts, de la Communication et des Relations avec le Parlement, Porte-parole du Gouvernement, M. El Houssein Ould Medou, accompagn\u00e9 du wali de Hodh El Gharbi, M. Ahmedou Mamadou Kelly, a ouvert samedi soir la premi\u00e8re \u00e9dition du Festival El Badia de l&#8217;Authenticit\u00e9 et du Patrimoine dans la commune d&#8217;Oum Lahyadh, moughataa d&#8217;Aioun.<\/p>\n<p>La c\u00e9r\u00e9monie d&#8217;ouverture a rassembl\u00e9 un public nombreux et officiel, t\u00e9moignant de l&#8217;importance de la r\u00e9gion d&#8217;Aouakar et de son riche patrimoine culturel authentique, impr\u00e9gn\u00e9 d&#8217;histoires \u00e9questres et des valeurs ancestrales transmises de g\u00e9n\u00e9ration en g\u00e9n\u00e9ration au c\u0153ur de l&#8217;immensit\u00e9 du d\u00e9sert.<\/p>\n<p>La premi\u00e8re soir\u00e9e du festival a \u00e9t\u00e9 marqu\u00e9e par des spectacles traditionnels de groupes \u00e9questres et chameliers, ainsi que par une pr\u00e9sentation sp\u00e9ciale de femmes portant leurs liti\u00e8res \u00e0 dos de chameau, v\u00eatues des costumes traditionnels qui caract\u00e9risent la tente mauritanienne depuis toujours.<\/p>\n<p>La soir\u00e9e comprenait \u00e9galement un programme artistique et litt\u00e9raire m\u00ealant art traditionnel et r\u00e9citations de po\u00e9sie classique et vernaculaire.<\/p>\n<p>Lors de son discours, le ministre de la Culture a expliqu\u00e9 que le Festival d&#8217;Oum Lahyadh c\u00e9l\u00e8bre l&#8217;authenticit\u00e9, l&#8217;histoire, la terre, le peuple et le patrimoine, incarn\u00e9s dans ce village dont les habitants ont toujours fait preuve d&#8217;un patriotisme in\u00e9branlable, illustr\u00e9 par la construction et le labeur.<\/p>\n<p>Il a ajout\u00e9 que les valeurs d&#8217;authenticit\u00e9 ont servi et renforc\u00e9 la communaut\u00e9, et que ce sont ces id\u00e9aux qui contribuent \u00e0 sa coh\u00e9sion, transcendant le tribalisme, le r\u00e9gionalisme, le sectarisme et le racisme.<\/p>\n<p>Il a soulign\u00e9 que parler de culture ne se limite pas aux arts ou \u00e0 la litt\u00e9rature, mais englobe l&#8217;identit\u00e9, l&#8217;histoire et l&#8217;authenticit\u00e9. C\u2019est ce qui conf\u00e8re au Festival b\u00e9douin toute sa profonde symbolique : le d\u00e9sert, par essence, repr\u00e9sente un ensemble de valeurs et d\u2019id\u00e9aux, parmi lesquels la fiert\u00e9, la g\u00e9n\u00e9rosit\u00e9, la noblesse et la chevalerie.<\/p>\n<p>Le ministre a soulign\u00e9 que la culture est une priorit\u00e9 absolue pour Son Excellence le Pr\u00e9sident de la R\u00e9publique, M. Mohamed Ould Cheikh El Ghazouani, car le d\u00e9veloppement culturel est un pilier fondamental de la construction et du progr\u00e8s de la nation.<\/p>\n<p>Le Pr\u00e9sident de la R\u00e9publique a affirm\u00e9 \u00e0 maintes reprises que la culture est la cl\u00e9 de vo\u00fbte d\u2019une soci\u00e9t\u00e9 unie et d\u00e9velopp\u00e9e, et le principal moteur du renforcement des valeurs de la citoyennet\u00e9.<\/p>\n<p>A ce propos, le ministre a not\u00e9 que le gouvernement du Premier ministre, M. Mokhtar Ould Djay, \u0153uvre avec diligence \u00e0 la mise en \u0153uvre de cette vision.<\/p>\n<p>Il a soulign\u00e9 que le secteur culturel a connu des transformations significatives au cours des cinq derni\u00e8res ann\u00e9es, tant en termes d\u2019infrastructures soutenant les activit\u00e9s culturelles que de pr\u00e9servation, de valorisation et de mise en valeur de notre patrimoine dispers\u00e9 \u00e0 travers le monde, afin de le hisser aux normes internationales.<\/p>\n<p>Il a indiqu\u00e9 que les zones rurales font partie int\u00e9grante de notre identit\u00e9 culturelle et doivent \u00eatre d\u00e9velopp\u00e9es, la commune d&#8217;Oum Lahyadh et les zones similaires b\u00e9n\u00e9ficiant d&#8217;une attention particuli\u00e8re de la part de Son Excellence le Pr\u00e9sident de la R\u00e9publique.<\/p>\n<p>De leur c\u00f4t\u00e9, le maire d&#8217;Oum Lahyadh, M. El Vath Ould Abderrahmane, et la repr\u00e9sentante de la r\u00e9gion de Hodh El Gharbi, Mme Khadija Mint Saleck, ont exprim\u00e9 leur satisfaction quant \u00e0 l&#8217;organisation de ce festival, dont les organisateurs visent \u00e0 promouvoir une wilaya importante du pays.<\/p>\n<p>Ils ont salu\u00e9 les progr\u00e8s accomplis au profit des habitants de la wilaya, qui en avaient grand besoin, et ont appel\u00e9 \u00e0 la mise en \u0153uvre de davantage de projets de d\u00e9veloppement au service de la population locale.<\/p>\n<p>Plusieurs \u00e9lus, le d\u00e9l\u00e9gu\u00e9 r\u00e9gional du minist\u00e8re de la Culture et les commandants des unit\u00e9s militaires et de s\u00e9curit\u00e9 de la wilaya ont assist\u00e9 \u00e0 la c\u00e9r\u00e9monie d&#8217;ouverture du festival.<\/p>\n","protected":false},"excerpt":{"rendered":"<p>Le ministre de la Culture, des Arts, de la Communication et des Relations avec le Parlement, Porte-parole du Gouvernement, M. El Houssein Ould Medou, accompagn\u00e9 du wali de Hodh El Gharbi, M. Ahmedou Mamadou Kelly, a ouvert samedi soir la premi\u00e8re \u00e9dition du Festival El Badia de l&#8217;Authenticit\u00e9 et du Patrimoine dans la commune d&#8217;Oum [&hellip;]<\/p>\n","protected":false},"author":10,"featured_media":286712,"comment_status":"open","ping_status":"open","sticky":false,"template":"","format":"standard","meta":{"footnotes":""},"categories":[63920,63957,8672],"tags":[],"class_list":["post-286711","post","type-post","status-publish","format-standard","has-post-thumbnail","hentry","category-a-la-une","category-fil-dactualite","category-8672"],"_links":{"self":[{"href":"https:\/\/ami.mr\/fr\/wp-json\/wp\/v2\/posts\/286711","targetHints":{"allow":["GET"]}}],"collection":[{"href":"https:\/\/ami.mr\/fr\/wp-json\/wp\/v2\/posts"}],"about":[{"href":"https:\/\/ami.mr\/fr\/wp-json\/wp\/v2\/types\/post"}],"author":[{"embeddable":true,"href":"https:\/\/ami.mr\/fr\/wp-json\/wp\/v2\/users\/10"}],"replies":[{"embeddable":true,"href":"https:\/\/ami.mr\/fr\/wp-json\/wp\/v2\/comments?post=286711"}],"version-history":[{"count":3,"href":"https:\/\/ami.mr\/fr\/wp-json\/wp\/v2\/posts\/286711\/revisions"}],"predecessor-version":[{"id":286728,"href":"https:\/\/ami.mr\/fr\/wp-json\/wp\/v2\/posts\/286711\/revisions\/286728"}],"wp:featuredmedia":[{"embeddable":true,"href":"https:\/\/ami.mr\/fr\/wp-json\/wp\/v2\/media\/286712"}],"wp:attachment":[{"href":"https:\/\/ami.mr\/fr\/wp-json\/wp\/v2\/media?parent=286711"}],"wp:term":[{"taxonomy":"category","embeddable":true,"href":"https:\/\/ami.mr\/fr\/wp-json\/wp\/v2\/categories?post=286711"},{"taxonomy":"post_tag","embeddable":true,"href":"https:\/\/ami.mr\/fr\/wp-json\/wp\/v2\/tags?post=286711"}],"curies":[{"name":"wp","href":"https:\/\/api.w.org\/{rel}","templated":true}]}}