{"id":286695,"date":"2026-01-03T18:17:14","date_gmt":"2026-01-03T18:17:14","guid":{"rendered":"https:\/\/ami.mr\/fr\/?p=286695"},"modified":"2026-01-03T18:17:14","modified_gmt":"2026-01-03T18:17:14","slug":"tagant-le-wali-visite-une-caravane-medicale-organisee-par-lassociation-professionnelle-des-medecins","status":"publish","type":"post","link":"https:\/\/ami.mr\/fr\/archives\/286695","title":{"rendered":"Tagant.. Le Wali visite une caravane m\u00e9dicale organis\u00e9e par l&#8217;Association Professionnelle des M\u00e9decins"},"content":{"rendered":"<p>Le Wali du Tagant, a effectu\u00e9 ce samedi une visite de terrain \u00e0 la caravane m\u00e9dicale organis\u00e9e par l&#8217;Association Professionnelle des M\u00e9decins de la Wilaya du Tagant depuis deux jours au centre hospitalier de la ville de Tidjikja.<\/p>\n<p>Au cours de cette visite, le wali a pris connaissance des diff\u00e9rentes sp\u00e9cialit\u00e9s m\u00e9dicales propos\u00e9es par la caravane. Les responsables lui ont fourni des explications d\u00e9taill\u00e9es sur la nature des services offerts. Il s&#8217;est \u00e9galement entretenu avec les m\u00e9decins et les patients et s&#8217;est inform\u00e9 du d\u00e9roulement des op\u00e9rations.<\/p>\n<p>\u00c0 la fin de sa tourn\u00e9e, le wali a fait une d\u00e9claration dans laquelle il a salu\u00e9 les responsables de l&#8217;Association, soulignant que cet effort refl\u00e8te la noblesse des intentions et l&#8217;excellence de la vision de ses membres. Il a appel\u00e9 les citoyens \u00e0 saisir cette opportunit\u00e9 et \u00e0 coop\u00e9rer avec les responsables de la caravane pour b\u00e9n\u00e9ficier de ses services.<\/p>\n<p>Il a ajout\u00e9 que ce travail incarne les hautes directives de Son Excellence le Pr\u00e9sident de la R\u00e9publique, visant \u00e0 contribuer au service du citoyen, chacun selon sa sp\u00e9cialit\u00e9 et ses capacit\u00e9s.<\/p>\n<p>De son c\u00f4t\u00e9, le porte-parole de l&#8217;Association Professionnelle de la Sant\u00e9 de la Wilaya du Tagant, le Dr. Delahy Ould Cheikh, a exprim\u00e9 ses remerciements aux autorit\u00e9s administratives, aux \u00e9lus locaux et \u00e0 la soci\u00e9t\u00e9 civile pour leur soutien \u00e0 l&#8217;Association, lui permettant ainsi d&#8217;accomplir sa mission humanitaire dans la Wilaya.<\/p>\n<p>Il a soulign\u00e9 que l&#8217;Association a l&#8217;habitude d&#8217;organiser cette caravane tous les six mois, dans le but d&#8217;atteindre deux objectifs principaux. Le premier est de fournir des services m\u00e9dicaux \u00e0 tous les habitants de la Wilaya, en particulier aux cat\u00e9gories \u00e0 faible revenu, notamment pendant les p\u00e9riodes o\u00f9 les maladies sont r\u00e9pandues, comme les saisons d&#8217;hiver et d&#8217;automne.<\/p>\n<p>Le deuxi\u00e8me objectif est d&#8217;assurer le suivi des personnes atteintes de maladies chroniques et de fournir gratuitement des services de sp\u00e9cialit\u00e9s essentielles sur leurs lieux de r\u00e9sidence, telles que le diab\u00e8te, les maladies cardiaques, la p\u00e9diatrie, l&#8217;urologie, la dermatologie, l&#8217;ophtalmologie, l&#8217;oto-rhino-laryngologie, la stomatologie et d&#8217;autres sp\u00e9cialit\u00e9s.<\/p>\n<p>Le wali \u00e9tait accompagn\u00e9 lors de cette visite par le Pr\u00e9sident de la R\u00e9gion du Tagant, M. Mohamed Ould Biha, le hakem de la Moughataa de Tidjikja, l&#8217;Adjoint au Maire de la commune de Tidjikja, et le Directeur du centre hospitalier de la ville de Tidjikja, ainsi que les chefs des services de s\u00e9curit\u00e9 et militaires de la Wilaya.<\/p>\n","protected":false},"excerpt":{"rendered":"<p>Le Wali du Tagant, a effectu\u00e9 ce samedi une visite de terrain \u00e0 la caravane m\u00e9dicale organis\u00e9e par l&#8217;Association Professionnelle des M\u00e9decins de la Wilaya du Tagant depuis deux jours au centre hospitalier de la ville de Tidjikja. Au cours de cette visite, le wali a pris connaissance des diff\u00e9rentes sp\u00e9cialit\u00e9s m\u00e9dicales propos\u00e9es par la [&hellip;]<\/p>\n","protected":false},"author":53,"featured_media":286696,"comment_status":"open","ping_status":"open","sticky":false,"template":"","format":"standard","meta":{"footnotes":""},"categories":[63918,63957,63923,8672],"tags":[],"class_list":["post-286695","post","type-post","status-publish","format-standard","has-post-thumbnail","hentry","category-autres","category-fil-dactualite","category-slider-wilayas","category-8672"],"_links":{"self":[{"href":"https:\/\/ami.mr\/fr\/wp-json\/wp\/v2\/posts\/286695","targetHints":{"allow":["GET"]}}],"collection":[{"href":"https:\/\/ami.mr\/fr\/wp-json\/wp\/v2\/posts"}],"about":[{"href":"https:\/\/ami.mr\/fr\/wp-json\/wp\/v2\/types\/post"}],"author":[{"embeddable":true,"href":"https:\/\/ami.mr\/fr\/wp-json\/wp\/v2\/users\/53"}],"replies":[{"embeddable":true,"href":"https:\/\/ami.mr\/fr\/wp-json\/wp\/v2\/comments?post=286695"}],"version-history":[{"count":1,"href":"https:\/\/ami.mr\/fr\/wp-json\/wp\/v2\/posts\/286695\/revisions"}],"predecessor-version":[{"id":286697,"href":"https:\/\/ami.mr\/fr\/wp-json\/wp\/v2\/posts\/286695\/revisions\/286697"}],"wp:featuredmedia":[{"embeddable":true,"href":"https:\/\/ami.mr\/fr\/wp-json\/wp\/v2\/media\/286696"}],"wp:attachment":[{"href":"https:\/\/ami.mr\/fr\/wp-json\/wp\/v2\/media?parent=286695"}],"wp:term":[{"taxonomy":"category","embeddable":true,"href":"https:\/\/ami.mr\/fr\/wp-json\/wp\/v2\/categories?post=286695"},{"taxonomy":"post_tag","embeddable":true,"href":"https:\/\/ami.mr\/fr\/wp-json\/wp\/v2\/tags?post=286695"}],"curies":[{"name":"wp","href":"https:\/\/api.w.org\/{rel}","templated":true}]}}