{"id":286451,"date":"2025-12-29T12:06:28","date_gmt":"2025-12-29T12:06:28","guid":{"rendered":"https:\/\/ami.mr\/fr\/?p=286451"},"modified":"2025-12-29T12:57:15","modified_gmt":"2025-12-29T12:57:15","slug":"lassemblee-nationale-tient-une-seance-publique-pour-approuver-le-projet-de-loi-de-finances-pour-lannee-2026","status":"publish","type":"post","link":"https:\/\/ami.mr\/fr\/archives\/286451","title":{"rendered":"L&#8217;Assembl\u00e9e nationale tient une s\u00e9ance publique pour approuver le projet de loi de finances pour l&#8217;ann\u00e9e 2026"},"content":{"rendered":"<p>L&#8217;Assembl\u00e9e nationale, pr\u00e9sid\u00e9e par M. Mohamed Bemba Meguett, pr\u00e9sident de l&#8217;Assembl\u00e9e, a tenu ce lundi matin une s\u00e9ance publique pour examiner et approuver le projet de loi de finances de l&#8217;\u00c9tat pour l&#8217;ann\u00e9e 2026.<\/p>\n<p>Le gouvernement \u00e9tait repr\u00e9sent\u00e9 \u00e0 cette s\u00e9ance par le ministre des Affaires \u00e9conomiques et du D\u00e9veloppement, ministre d\u00e9l\u00e9gu\u00e9 aux Finances, M. Abdallah O. Souleymane O. Cheikh-Sidia.<\/p>\n","protected":false},"excerpt":{"rendered":"<p>L&#8217;Assembl\u00e9e nationale, pr\u00e9sid\u00e9e par M. Mohamed Bemba Meguett, pr\u00e9sident de l&#8217;Assembl\u00e9e, a tenu ce lundi matin une s\u00e9ance publique pour examiner et approuver le projet de loi de finances de l&#8217;\u00c9tat pour l&#8217;ann\u00e9e 2026. Le gouvernement \u00e9tait repr\u00e9sent\u00e9 \u00e0 cette s\u00e9ance par le ministre des Affaires \u00e9conomiques et du D\u00e9veloppement, ministre d\u00e9l\u00e9gu\u00e9 aux Finances, M. [&hellip;]<\/p>\n","protected":false},"author":17,"featured_media":286452,"comment_status":"open","ping_status":"open","sticky":false,"template":"","format":"standard","meta":{"footnotes":""},"categories":[63957,63959,63921,63927],"tags":[],"class_list":["post-286451","post","type-post","status-publish","format-standard","has-post-thumbnail","hentry","category-fil-dactualite","category-mauritanie","category-slider-afficher","category-slider-mauritanie"],"_links":{"self":[{"href":"https:\/\/ami.mr\/fr\/wp-json\/wp\/v2\/posts\/286451","targetHints":{"allow":["GET"]}}],"collection":[{"href":"https:\/\/ami.mr\/fr\/wp-json\/wp\/v2\/posts"}],"about":[{"href":"https:\/\/ami.mr\/fr\/wp-json\/wp\/v2\/types\/post"}],"author":[{"embeddable":true,"href":"https:\/\/ami.mr\/fr\/wp-json\/wp\/v2\/users\/17"}],"replies":[{"embeddable":true,"href":"https:\/\/ami.mr\/fr\/wp-json\/wp\/v2\/comments?post=286451"}],"version-history":[{"count":2,"href":"https:\/\/ami.mr\/fr\/wp-json\/wp\/v2\/posts\/286451\/revisions"}],"predecessor-version":[{"id":286454,"href":"https:\/\/ami.mr\/fr\/wp-json\/wp\/v2\/posts\/286451\/revisions\/286454"}],"wp:featuredmedia":[{"embeddable":true,"href":"https:\/\/ami.mr\/fr\/wp-json\/wp\/v2\/media\/286452"}],"wp:attachment":[{"href":"https:\/\/ami.mr\/fr\/wp-json\/wp\/v2\/media?parent=286451"}],"wp:term":[{"taxonomy":"category","embeddable":true,"href":"https:\/\/ami.mr\/fr\/wp-json\/wp\/v2\/categories?post=286451"},{"taxonomy":"post_tag","embeddable":true,"href":"https:\/\/ami.mr\/fr\/wp-json\/wp\/v2\/tags?post=286451"}],"curies":[{"name":"wp","href":"https:\/\/api.w.org\/{rel}","templated":true}]}}