{"id":286422,"date":"2025-12-28T20:34:19","date_gmt":"2025-12-28T20:34:19","guid":{"rendered":"https:\/\/ami.mr\/fr\/?p=286422"},"modified":"2025-12-28T20:34:19","modified_gmt":"2025-12-28T20:34:19","slug":"lancement-des-competitions-de-la-3e-edition-du-championnat-scolaire-au-niveau-des-wilayas-de-nouakchott","status":"publish","type":"post","link":"https:\/\/ami.mr\/fr\/archives\/286422","title":{"rendered":"Lancement des comp\u00e9titions de la 3e \u00e9dition du Championnat scolaire au niveau des wilayas de Nouakchott"},"content":{"rendered":"<div class=\"cell auto-size\">\n<div class=\"set-border bd-gray padding10 margin10 no-margin-right no-margin-left \" dir=\"ltr\">\n<p>La troisi\u00e8me \u00e9dition du championnat scolaire au niveau des wilayas de Nouakchott a d\u00e9but\u00e9 samedi soir au stade de Dar-Naim, dans la wilaya de Nouakchott Nord.<\/p>\n<p>Le hakem de la moughataa de Dar-Naim a donn\u00e9 le coup d&#8217;envoi du championnat, marquant le d\u00e9but des comp\u00e9titions entre les \u00e9quipes participantes.<\/p>\n<p>La c\u00e9r\u00e9monie d&#8217;ouverture a \u00e9t\u00e9 marqu\u00e9e par des d\u00e9monstrations sportives des \u00e9quipes de taekwondo et de judo, ainsi qu&#8217;un match de football entre les \u00e9quipes de Nouakchott Sud et Ouest. Le stade de l&#8217;Institut de formation des cadres de la jeunesse et des sports accueillera le coup d&#8217;envoi du championnat de basket-ball.<\/p>\n<p>Dans une d\u00e9claration \u00e0 l&#8217;Agence Mauritanienne d&#8217;Information, M. Mohamed Mbarek Ould Ahmed, directeur r\u00e9gional de l&#8217;autonomisation des jeunes, de l&#8217;emploi, des sports et du Service civique au niveau de la wilaya de Nouakchott Nord, a indiqu\u00e9 que ce championnat scolaire r\u00e9gional voit la participation des trois wilayas de Nouakchott, \u00e0 travers des comp\u00e9titions incluant le football, le basket-ball et l&#8217;athl\u00e9tisme.<\/p>\n<p>Il a ajout\u00e9 que le coup d&#8217;envoi du championnat aujourd&#8217;hui verra un affrontement footballistique entre les \u00e9quipes des wilayas de Nouakchott Sud et Ouest, en plus du d\u00e9but du championnat de basket-ball sur les terrains de l&#8217;Institut de formation des cadres de la jeunesse et des sports, lors d&#8217;une rencontre opposant l&#8217;\u00e9quipe de la wilaya de Nouakchott Nord \u00e0 son homologue de la wilaya de Nouakchott Sud.<\/p>\n<p>Il a soulign\u00e9 que les \u00e9quipes qualifi\u00e9es de ces comp\u00e9titions rejoindront leurs homologues participant au championnat national final.<\/p>\n<\/div>\n<\/div>\n","protected":false},"excerpt":{"rendered":"<p>La troisi\u00e8me \u00e9dition du championnat scolaire au niveau des wilayas de Nouakchott a d\u00e9but\u00e9 samedi soir au stade de Dar-Naim, dans la wilaya de Nouakchott Nord. Le hakem de la moughataa de Dar-Naim a donn\u00e9 le coup d&#8217;envoi du championnat, marquant le d\u00e9but des comp\u00e9titions entre les \u00e9quipes participantes. La c\u00e9r\u00e9monie d&#8217;ouverture a \u00e9t\u00e9 marqu\u00e9e [&hellip;]<\/p>\n","protected":false},"author":10,"featured_media":286423,"comment_status":"open","ping_status":"open","sticky":false,"template":"","format":"standard","meta":{"footnotes":""},"categories":[63918,63957,63959],"tags":[],"class_list":["post-286422","post","type-post","status-publish","format-standard","has-post-thumbnail","hentry","category-autres","category-fil-dactualite","category-mauritanie"],"_links":{"self":[{"href":"https:\/\/ami.mr\/fr\/wp-json\/wp\/v2\/posts\/286422","targetHints":{"allow":["GET"]}}],"collection":[{"href":"https:\/\/ami.mr\/fr\/wp-json\/wp\/v2\/posts"}],"about":[{"href":"https:\/\/ami.mr\/fr\/wp-json\/wp\/v2\/types\/post"}],"author":[{"embeddable":true,"href":"https:\/\/ami.mr\/fr\/wp-json\/wp\/v2\/users\/10"}],"replies":[{"embeddable":true,"href":"https:\/\/ami.mr\/fr\/wp-json\/wp\/v2\/comments?post=286422"}],"version-history":[{"count":1,"href":"https:\/\/ami.mr\/fr\/wp-json\/wp\/v2\/posts\/286422\/revisions"}],"predecessor-version":[{"id":286424,"href":"https:\/\/ami.mr\/fr\/wp-json\/wp\/v2\/posts\/286422\/revisions\/286424"}],"wp:featuredmedia":[{"embeddable":true,"href":"https:\/\/ami.mr\/fr\/wp-json\/wp\/v2\/media\/286423"}],"wp:attachment":[{"href":"https:\/\/ami.mr\/fr\/wp-json\/wp\/v2\/media?parent=286422"}],"wp:term":[{"taxonomy":"category","embeddable":true,"href":"https:\/\/ami.mr\/fr\/wp-json\/wp\/v2\/categories?post=286422"},{"taxonomy":"post_tag","embeddable":true,"href":"https:\/\/ami.mr\/fr\/wp-json\/wp\/v2\/tags?post=286422"}],"curies":[{"name":"wp","href":"https:\/\/api.w.org\/{rel}","templated":true}]}}