{"id":286331,"date":"2025-12-26T21:14:56","date_gmt":"2025-12-26T21:14:56","guid":{"rendered":"https:\/\/ami.mr\/fr\/?p=286331"},"modified":"2025-12-26T21:14:56","modified_gmt":"2025-12-26T21:14:56","slug":"le-wali-du-brakna-presente-au-nom-du-president-de-la-republique-ses-condoleances-a-la-famille-du-defunt-mohamed-lemine-ould-mohamed-moustapha","status":"publish","type":"post","link":"https:\/\/ami.mr\/fr\/archives\/286331","title":{"rendered":"Le Wali du Brakna pr\u00e9sente, au nom du Pr\u00e9sident de la R\u00e9publique, ses condol\u00e9ances \u00e0 la famille du d\u00e9funt Mohamed Lemine Ould Mohamed Moustapha"},"content":{"rendered":"<p>Le Wali du Brakna, M. Mohamed Ould Salek, a pr\u00e9sent\u00e9, vendredi, au nom de Son Excellence le Pr\u00e9sident de la R\u00e9publique, M. Mohamed Ould Cheikh El Ghazouani, dans la commune d&#8217;Aghchourguit, moughataa d&#8217;Aleg, ses condol\u00e9ances \u00e0 la famille du regrett\u00e9 Mohamed Lemine Ould Mohamed Moustapha, d\u00e9c\u00e9d\u00e9 jeudi dans un tragique accident de la route sur l&#8217;axe Akjoujt-Nouakchott.<\/p>\n<p>Le Wali a exprim\u00e9 ses sinc\u00e8res condol\u00e9ances et sa compassion aux proches du d\u00e9funt et \u00e0 tous les habitants de la wilaya du Brakna, priant Allah Tout-Puissant de lui accorder Sa vaste mis\u00e9ricorde, de l&#8217;admettre dans Son vaste paradis et d&#8217;inspirer patience et r\u00e9confort \u00e0 sa famille.<\/p>\n<p>Le p\u00e8re du d\u00e9funt, M. Mohamed Moustapha Ould Mohamed Tchfagha, a exprim\u00e9, au nom de la famille, leurs remerciements, leur gratitude et leur reconnaissance \u00e0 Son Excellence le Pr\u00e9sident de la R\u00e9publique pour ce geste g\u00e9n\u00e9reux et pour son soutien \u00e0 ses concitoyens dans toutes leurs \u00e9preuves.<\/p>\n<p>Le Wali du Brakna \u00e9tait accompagn\u00e9, lors de la pr\u00e9sentation de ses condol\u00e9ances, par les autorit\u00e9s s\u00e9curitaires et militaires de la wilaya.<\/p>\n","protected":false},"excerpt":{"rendered":"<p>Le Wali du Brakna, M. Mohamed Ould Salek, a pr\u00e9sent\u00e9, vendredi, au nom de Son Excellence le Pr\u00e9sident de la R\u00e9publique, M. Mohamed Ould Cheikh El Ghazouani, dans la commune d&#8217;Aghchourguit, moughataa d&#8217;Aleg, ses condol\u00e9ances \u00e0 la famille du regrett\u00e9 Mohamed Lemine Ould Mohamed Moustapha, d\u00e9c\u00e9d\u00e9 jeudi dans un tragique accident de la route sur [&hellip;]<\/p>\n","protected":false},"author":5,"featured_media":286332,"comment_status":"open","ping_status":"open","sticky":false,"template":"","format":"standard","meta":{"footnotes":""},"categories":[63920,63957,8672],"tags":[],"class_list":["post-286331","post","type-post","status-publish","format-standard","has-post-thumbnail","hentry","category-a-la-une","category-fil-dactualite","category-8672"],"_links":{"self":[{"href":"https:\/\/ami.mr\/fr\/wp-json\/wp\/v2\/posts\/286331","targetHints":{"allow":["GET"]}}],"collection":[{"href":"https:\/\/ami.mr\/fr\/wp-json\/wp\/v2\/posts"}],"about":[{"href":"https:\/\/ami.mr\/fr\/wp-json\/wp\/v2\/types\/post"}],"author":[{"embeddable":true,"href":"https:\/\/ami.mr\/fr\/wp-json\/wp\/v2\/users\/5"}],"replies":[{"embeddable":true,"href":"https:\/\/ami.mr\/fr\/wp-json\/wp\/v2\/comments?post=286331"}],"version-history":[{"count":1,"href":"https:\/\/ami.mr\/fr\/wp-json\/wp\/v2\/posts\/286331\/revisions"}],"predecessor-version":[{"id":286333,"href":"https:\/\/ami.mr\/fr\/wp-json\/wp\/v2\/posts\/286331\/revisions\/286333"}],"wp:featuredmedia":[{"embeddable":true,"href":"https:\/\/ami.mr\/fr\/wp-json\/wp\/v2\/media\/286332"}],"wp:attachment":[{"href":"https:\/\/ami.mr\/fr\/wp-json\/wp\/v2\/media?parent=286331"}],"wp:term":[{"taxonomy":"category","embeddable":true,"href":"https:\/\/ami.mr\/fr\/wp-json\/wp\/v2\/categories?post=286331"},{"taxonomy":"post_tag","embeddable":true,"href":"https:\/\/ami.mr\/fr\/wp-json\/wp\/v2\/tags?post=286331"}],"curies":[{"name":"wp","href":"https:\/\/api.w.org\/{rel}","templated":true}]}}