{"id":286325,"date":"2025-12-26T20:37:45","date_gmt":"2025-12-26T20:37:45","guid":{"rendered":"https:\/\/ami.mr\/fr\/?p=286325"},"modified":"2025-12-26T20:37:45","modified_gmt":"2025-12-26T20:37:45","slug":"kiffa-organisation-dun-atelier-de-sensibilisation-sur-le-guide-des-procedures-de-financement-participatif","status":"publish","type":"post","link":"https:\/\/ami.mr\/fr\/archives\/286325","title":{"rendered":"Kiffa : Organisation d&#8217;un atelier de sensibilisation sur le guide des proc\u00e9dures de financement participatif"},"content":{"rendered":"<p style=\"box-sizing: border-box;border-collapse: collapse;color: #000000;font-family: 'Segoe UI', 'Open Sans', sans-serif, serif;font-size: 16.8px\">Le wali de l&#8217;Assaba, M. Ahmedou Ould Adahi Ould Khteira, a supervis\u00e9, vendredi, \u00e0 Kiffa, le lancement des travaux d&#8217;un atelier de sensibilisation sur le guide des proc\u00e9dures de financement participatif, au niveau des moughataas de Kankossa et Bark\u00e9ol, organis\u00e9 par le projet d&#8217;appui au d\u00e9veloppement et \u00e0 l&#8217;innovation du secteur agricole en Mauritanie.<\/p>\n<p style=\"box-sizing: border-box;border-collapse: collapse;color: #000000;font-family: 'Segoe UI', 'Open Sans', sans-serif, serif;font-size: 16.8px\">\n<p style=\"box-sizing: border-box;border-collapse: collapse;color: #000000;font-family: 'Segoe UI', 'Open Sans', sans-serif, serif;font-size: 16.8px\">\n<p style=\"box-sizing: border-box;border-collapse: collapse;color: #000000;font-family: 'Segoe UI', 'Open Sans', sans-serif, serif;font-size: 16.8px\">\n<p style=\"box-sizing: border-box;border-collapse: collapse;color: #000000;font-family: 'Segoe UI', 'Open Sans', sans-serif, serif;font-size: 16.8px\">\n<p style=\"box-sizing: border-box;border-collapse: collapse;color: #000000;font-family: 'Segoe UI', 'Open Sans', sans-serif, serif;font-size: 16.8px\">\n<p style=\"box-sizing: border-box;border-collapse: collapse;color: #000000;font-family: 'Segoe UI', 'Open Sans', sans-serif, serif;font-size: 16.8px\">Cet atelier de deux jours vise \u00e0 clarifier les responsabilit\u00e9s et les proc\u00e9dures adopt\u00e9es pour soutenir les b\u00e9n\u00e9ficiaires dans le cadre du renforcement du d\u00e9veloppement local et de la promotion de l&#8217;entrepreneuriat rural.<\/p>\n<p style=\"box-sizing: border-box;border-collapse: collapse;color: #000000;font-family: 'Segoe UI', 'Open Sans', sans-serif, serif;font-size: 16.8px\">\n<p style=\"box-sizing: border-box;border-collapse: collapse;color: #000000;font-family: 'Segoe UI', 'Open Sans', sans-serif, serif;font-size: 16.8px\">\n<p style=\"box-sizing: border-box;border-collapse: collapse;color: #000000;font-family: 'Segoe UI', 'Open Sans', sans-serif, serif;font-size: 16.8px\">\n<p style=\"box-sizing: border-box;border-collapse: collapse;color: #000000;font-family: 'Segoe UI', 'Open Sans', sans-serif, serif;font-size: 16.8px\">\n<p style=\"box-sizing: border-box;border-collapse: collapse;color: #000000;font-family: 'Segoe UI', 'Open Sans', sans-serif, serif;font-size: 16.8px\">\n<p style=\"box-sizing: border-box;border-collapse: collapse;color: #000000;font-family: 'Segoe UI', 'Open Sans', sans-serif, serif;font-size: 16.8px\">Il s&#8217;inscrit dans le cadre des interventions du projet d&#8217;appui au d\u00e9veloppement et \u00e0 l&#8217;innovation du secteur agricole en Mauritanie au niveau de la wilaya de l&#8217;Assaba au cours de l&#8217;ann\u00e9e 2026, qui comprennent la restauration et la r\u00e9habilitation de six barrages dans les d\u00e9partements de Bark\u00e9ol et Kankossa.<\/p>\n<p style=\"box-sizing: border-box;border-collapse: collapse;color: #000000;font-family: 'Segoe UI', 'Open Sans', sans-serif, serif;font-size: 16.8px\">\n<p style=\"box-sizing: border-box;border-collapse: collapse;color: #000000;font-family: 'Segoe UI', 'Open Sans', sans-serif, serif;font-size: 16.8px\">\n<p style=\"box-sizing: border-box;border-collapse: collapse;color: #000000;font-family: 'Segoe UI', 'Open Sans', sans-serif, serif;font-size: 16.8px\">\n<p style=\"box-sizing: border-box;border-collapse: collapse;color: #000000;font-family: 'Segoe UI', 'Open Sans', sans-serif, serif;font-size: 16.8px\">\n<p style=\"box-sizing: border-box;border-collapse: collapse;color: #000000;font-family: 'Segoe UI', 'Open Sans', sans-serif, serif;font-size: 16.8px\">\n<p style=\"box-sizing: border-box;border-collapse: collapse;color: #000000;font-family: 'Segoe UI', 'Open Sans', sans-serif, serif;font-size: 16.8px\">Au cours de l&#8217;atelier, auquel ont particip\u00e9 les autorit\u00e9s administratives, les \u00e9lus locaux et les chefs des villages b\u00e9n\u00e9ficiaires des deux d\u00e9partements, des pr\u00e9sentations techniques ont \u00e9t\u00e9 faites sur la nature des b\u00e9n\u00e9fices et les projets \u00e9ligibles, ainsi que des explications sur l&#8217;approche de gestion int\u00e9gr\u00e9e.<\/p>\n<p style=\"box-sizing: border-box;border-collapse: collapse;color: #000000;font-family: 'Segoe UI', 'Open Sans', sans-serif, serif;font-size: 16.8px\">\n<p style=\"box-sizing: border-box;border-collapse: collapse;color: #000000;font-family: 'Segoe UI', 'Open Sans', sans-serif, serif;font-size: 16.8px\">\n<p style=\"box-sizing: border-box;border-collapse: collapse;color: #000000;font-family: 'Segoe UI', 'Open Sans', sans-serif, serif;font-size: 16.8px\">\n<p style=\"box-sizing: border-box;border-collapse: collapse;color: #000000;font-family: 'Segoe UI', 'Open Sans', sans-serif, serif;font-size: 16.8px\">\n<p style=\"box-sizing: border-box;border-collapse: collapse;color: #000000;font-family: 'Segoe UI', 'Open Sans', sans-serif, serif;font-size: 16.8px\">\n<p style=\"box-sizing: border-box;border-collapse: collapse;color: #000000;font-family: 'Segoe UI', 'Open Sans', sans-serif, serif;font-size: 16.8px\">Le Wali de l&#8217;Assaba a expliqu\u00e9, dans un discours prononc\u00e9 \u00e0 cette occasion, que le m\u00e9canisme de financement participatif permettra de soutenir le d\u00e9veloppement local inclusif en finan\u00e7ant des activit\u00e9s g\u00e9n\u00e9ratrices de revenus et des projets de petite et moyenne taille.<\/p>\n<p style=\"box-sizing: border-box;border-collapse: collapse;color: #000000;font-family: 'Segoe UI', 'Open Sans', sans-serif, serif;font-size: 16.8px\">\n<p style=\"box-sizing: border-box;border-collapse: collapse;color: #000000;font-family: 'Segoe UI', 'Open Sans', sans-serif, serif;font-size: 16.8px\">\n<p style=\"box-sizing: border-box;border-collapse: collapse;color: #000000;font-family: 'Segoe UI', 'Open Sans', sans-serif, serif;font-size: 16.8px\">\n<p style=\"box-sizing: border-box;border-collapse: collapse;color: #000000;font-family: 'Segoe UI', 'Open Sans', sans-serif, serif;font-size: 16.8px\">\n<p style=\"box-sizing: border-box;border-collapse: collapse;color: #000000;font-family: 'Segoe UI', 'Open Sans', sans-serif, serif;font-size: 16.8px\">\n<p style=\"box-sizing: border-box;border-collapse: collapse;color: #000000;font-family: 'Segoe UI', 'Open Sans', sans-serif, serif;font-size: 16.8px\">Il a ajout\u00e9 que les interventions de cet important projet s&#8217;inscrivent dans le programme de Son Excellence le Pr\u00e9sident de la R\u00e9publique, M. Mohamed Ould Cheikh El Ghazouani, visant \u00e0 promouvoir le secteur agricole pour en faire un v\u00e9ritable levier de d\u00e9veloppement qui constitue une garantie de souverainet\u00e9 alimentaire.<\/p>\n<p style=\"box-sizing: border-box;border-collapse: collapse;color: #000000;font-family: 'Segoe UI', 'Open Sans', sans-serif, serif;font-size: 16.8px\">\n<p style=\"box-sizing: border-box;border-collapse: collapse;color: #000000;font-family: 'Segoe UI', 'Open Sans', sans-serif, serif;font-size: 16.8px\">\n<p style=\"box-sizing: border-box;border-collapse: collapse;color: #000000;font-family: 'Segoe UI', 'Open Sans', sans-serif, serif;font-size: 16.8px\">\n<p style=\"box-sizing: border-box;border-collapse: collapse;color: #000000;font-family: 'Segoe UI', 'Open Sans', sans-serif, serif;font-size: 16.8px\">\n<p style=\"box-sizing: border-box;border-collapse: collapse;color: #000000;font-family: 'Segoe UI', 'Open Sans', sans-serif, serif;font-size: 16.8px\">\n<p style=\"box-sizing: border-box;border-collapse: collapse;color: #000000;font-family: 'Segoe UI', 'Open Sans', sans-serif, serif;font-size: 16.8px\">L&#8217;ouverture de l&#8217;atelier s&#8217;est d\u00e9roul\u00e9e en pr\u00e9sence du hakem de la moughataa de Kiffa, du coordinateur du projet d&#8217;appui au d\u00e9veloppement et \u00e0 l&#8217;innovation du secteur agricole en Mauritanie, du d\u00e9l\u00e9gu\u00e9 r\u00e9gional du minist\u00e8re de l&#8217;Agriculture et de la Souverainet\u00e9 alimentaire, et des autorit\u00e9s administratives et s\u00e9curitaires de la wilaya.<\/p>\n","protected":false},"excerpt":{"rendered":"<p>Le wali de l&#8217;Assaba, M. Ahmedou Ould Adahi Ould Khteira, a supervis\u00e9, vendredi, \u00e0 Kiffa, le lancement des travaux d&#8217;un atelier de sensibilisation sur le guide des proc\u00e9dures de financement participatif, au niveau des moughataas de Kankossa et Bark\u00e9ol, organis\u00e9 par le projet d&#8217;appui au d\u00e9veloppement et \u00e0 l&#8217;innovation du secteur agricole en Mauritanie. Cet [&hellip;]<\/p>\n","protected":false},"author":5,"featured_media":286326,"comment_status":"open","ping_status":"open","sticky":false,"template":"","format":"standard","meta":{"footnotes":""},"categories":[63918,63957,8672],"tags":[],"class_list":["post-286325","post","type-post","status-publish","format-standard","has-post-thumbnail","hentry","category-autres","category-fil-dactualite","category-8672"],"_links":{"self":[{"href":"https:\/\/ami.mr\/fr\/wp-json\/wp\/v2\/posts\/286325","targetHints":{"allow":["GET"]}}],"collection":[{"href":"https:\/\/ami.mr\/fr\/wp-json\/wp\/v2\/posts"}],"about":[{"href":"https:\/\/ami.mr\/fr\/wp-json\/wp\/v2\/types\/post"}],"author":[{"embeddable":true,"href":"https:\/\/ami.mr\/fr\/wp-json\/wp\/v2\/users\/5"}],"replies":[{"embeddable":true,"href":"https:\/\/ami.mr\/fr\/wp-json\/wp\/v2\/comments?post=286325"}],"version-history":[{"count":1,"href":"https:\/\/ami.mr\/fr\/wp-json\/wp\/v2\/posts\/286325\/revisions"}],"predecessor-version":[{"id":286327,"href":"https:\/\/ami.mr\/fr\/wp-json\/wp\/v2\/posts\/286325\/revisions\/286327"}],"wp:featuredmedia":[{"embeddable":true,"href":"https:\/\/ami.mr\/fr\/wp-json\/wp\/v2\/media\/286326"}],"wp:attachment":[{"href":"https:\/\/ami.mr\/fr\/wp-json\/wp\/v2\/media?parent=286325"}],"wp:term":[{"taxonomy":"category","embeddable":true,"href":"https:\/\/ami.mr\/fr\/wp-json\/wp\/v2\/categories?post=286325"},{"taxonomy":"post_tag","embeddable":true,"href":"https:\/\/ami.mr\/fr\/wp-json\/wp\/v2\/tags?post=286325"}],"curies":[{"name":"wp","href":"https:\/\/api.w.org\/{rel}","templated":true}]}}