{"id":286160,"date":"2025-12-23T18:12:15","date_gmt":"2025-12-23T18:12:15","guid":{"rendered":"https:\/\/ami.mr\/fr\/?p=286160"},"modified":"2025-12-23T18:12:15","modified_gmt":"2025-12-23T18:12:15","slug":"ouverture-de-la-deuxieme-session-ordinaire-de-lassemblee-generale-du-conseil-superieur-de-leducation","status":"publish","type":"post","link":"https:\/\/ami.mr\/fr\/archives\/286160","title":{"rendered":"Ouverture de la deuxi\u00e8me session ordinaire de l&#8217;Assembl\u00e9e g\u00e9n\u00e9rale du Conseil sup\u00e9rieur de l&#8217;Education"},"content":{"rendered":"<div class=\"row\"><\/div>\n<div class=\"row\">\n<div class=\"cell auto-size\">\n<div class=\"set-border bd-gray padding10 margin10 no-margin-right no-margin-left \" dir=\"ltr\">\n<p>Les travaux de la deuxi\u00e8me session ordinaire de l&#8217;Assembl\u00e9e g\u00e9n\u00e9rale du Conseil sup\u00e9rieur de l&#8217;Education ont d\u00e9but\u00e9 mardi \u00e0 Nouakchott.<\/p>\n<p>L&#8217;ordre du jour de cette session comprend la pr\u00e9sentation d&#8217;un rapport sur les activit\u00e9s du Conseil entre les sessions, pr\u00e9sentation d\u2019un autre rapport sur les documents de la saison de r\u00e9flexion 2025, le projet de budget 2026, ainsi que des questions diverses.<\/p>\n<p>Dans son discours \u00e0 cette occasion, M. Brahim Vall Ould Mohamed Lemine, pr\u00e9sident du Conseil, a soulign\u00e9 l&#8217;importance de cette session, mettant en avant l&#8217;attention que Son Excellence le Pr\u00e9sident de la R\u00e9publique, M. Mohamed Ould Cheikh El Ghazouani, accorde \u00e0 l&#8217;investissement dans le capital humain, \u00e0 travers l&#8217;\u00e9ducation, consid\u00e9r\u00e9e comme le meilleur moyen de lutter contre la pr\u00e9carit\u00e9, d&#8217;\u00e9radiquer la pauvret\u00e9 et d&#8217;\u00e9tablir un d\u00e9veloppement durable et \u00e9quitable. Il a f\u00e9licit\u00e9 la communaut\u00e9 \u00e9ducative \u00e0 l&#8217;occasion du 65\u00e8me anniversaire de la F\u00eate de l&#8217;Ind\u00e9pendance nationale et des incitations que le Pr\u00e9sident de la R\u00e9publique leur a accord\u00e9es le 28 novembre, notamment des augmentations significatives et son discours \u00e0 Adel Begrou, qui a \u00e9lev\u00e9 l&#8217;\u00e9ducateur aux plus hauts rangs, compl\u00e9tant ainsi sa symbolique avec celle du soldat, tous deux \u00e9tant des sentinelles aux fronti\u00e8res de la nation pour la prot\u00e9ger, pr\u00e9server sa conscience et construire ses esprits.<\/p>\n<p>Il a d\u00e9clar\u00e9 que la co\u00efncidence de cette session avec la poursuite des c\u00e9l\u00e9brations du soixante-cinqui\u00e8me anniversaire de l&#8217;Ind\u00e9pendance nationale est une source de grande satisfaction en raison des nombreuses et diverses r\u00e9alisations qui l&#8217;ont accompagn\u00e9e et des perspectives prometteuses qu&#8217;elle annonce.<\/p>\n<p>Il a soulign\u00e9 \u00e0 cet \u00e9gard que l&#8217;\u00e9cole r\u00e9publicaine restera le cadre appropri\u00e9 pour la transformation sociale que nous recherchons et le fil conducteur pour l&#8217;enracinement des valeurs de citoyennet\u00e9, expliquant que le Conseil a accompagn\u00e9 le processus de r\u00e9forme depuis sa cr\u00e9ation et a mis en place les m\u00e9canismes techniques et organisationnels n\u00e9cessaires pour pouvoir s&#8217;acquitter des t\u00e2ches qui lui sont confi\u00e9es dans les domaines de l&#8217;orientation, de la coordination, de l&#8217;\u00e9valuation et du respect des choix \u00e9ducatifs et des syst\u00e8mes relatifs au secteur de l&#8217;\u00e9ducation en g\u00e9n\u00e9ral.<\/p>\n<p>Le pr\u00e9sident du Conseil a pass\u00e9 en revue le bilan des travaux du Conseil cette ann\u00e9e \u00e0 travers le travail de terrain, la consultation, le renforcement des capacit\u00e9s, le plaidoyer et le partenariat technique, indiquant que cette p\u00e9riode a vu la pr\u00e9sentation par le pr\u00e9sident du Conseil sup\u00e9rieur de l&#8217;\u00e9ducation \u00e0 Son Excellence le Pr\u00e9sident de la R\u00e9publique du rapport du Conseil sur l&#8217;\u00e9tat du syst\u00e8me \u00e9ducatif national pour l&#8217;ann\u00e9e 2023\/2024, o\u00f9 il a suivi la performance de ces secteurs au cours de cette p\u00e9riode et a pr\u00e9sent\u00e9 ses recommandations \u00e0 cet \u00e9gard.<\/p>\n<p>Il a pr\u00e9cis\u00e9 que cette rencontre avec Son Excellence le Pr\u00e9sident de la R\u00e9publique a \u00e9t\u00e9 l&#8217;occasion de saluer le r\u00f4le central jou\u00e9 par le Conseil dans la r\u00e9forme, et a encourag\u00e9 la communication avec les secteurs et l&#8217;acc\u00e8s \u00e0 l&#8217;information, et a \u00e9galement donn\u00e9 les orientations n\u00e9cessaires pour acc\u00e9l\u00e9rer le rythme de sa mise en \u0153uvre.<\/p>\n<p>Le pr\u00e9sident du Conseil sup\u00e9rieur de l&#8217;\u00e9ducation a rappel\u00e9 que le Conseil a effectu\u00e9 des visites de terrain dans toutes les wilayas, ce qui a permis de prendre connaissance des conditions d&#8217;ouverture et du fonctionnement r\u00e9gulier des \u00e9tablissements d&#8217;enseignement pr\u00e9scolaire, des mahadras mod\u00e8les, de l&#8217;enseignement de base et secondaire, de la formation professionnelle et technique et de l&#8217;enseignement sup\u00e9rieur, et que les rapports de ces missions ont constitu\u00e9 une source importante pour la r\u00e9daction des rapports du Conseil et le suivi de la mise en \u0153uvre de ses recommandations.<\/p>\n<p>Il a \u00e9galement exprim\u00e9 sa confiance que le Conseil sup\u00e9rieur de l&#8217;\u00e9ducation jouera le r\u00f4le qui lui est d\u00e9volu afin d&#8217;accompagner la mise en \u0153uvre des grandes orientations de la r\u00e9forme et de contribuer \u00e0 relever les d\u00e9fis qui les rencontrent, et ce, en adoptant une m\u00e9thodologie inclusive bas\u00e9e sur la consultation avec tous les acteurs du syst\u00e8me \u00e9ducatif.<\/p>\n<p>L&#8217;ouverture de la session s&#8217;est d\u00e9roul\u00e9e en pr\u00e9sence du Secr\u00e9taire g\u00e9n\u00e9ral du Conseil, M. Mahfoudh Ould Agatt.<\/p>\n<\/div>\n<\/div>\n<\/div>\n","protected":false},"excerpt":{"rendered":"<p>Les travaux de la deuxi\u00e8me session ordinaire de l&#8217;Assembl\u00e9e g\u00e9n\u00e9rale du Conseil sup\u00e9rieur de l&#8217;Education ont d\u00e9but\u00e9 mardi \u00e0 Nouakchott. L&#8217;ordre du jour de cette session comprend la pr\u00e9sentation d&#8217;un rapport sur les activit\u00e9s du Conseil entre les sessions, pr\u00e9sentation d\u2019un autre rapport sur les documents de la saison de r\u00e9flexion 2025, le projet de [&hellip;]<\/p>\n","protected":false},"author":8,"featured_media":286161,"comment_status":"open","ping_status":"open","sticky":false,"template":"","format":"standard","meta":{"footnotes":""},"categories":[63918,63957],"tags":[],"class_list":["post-286160","post","type-post","status-publish","format-standard","has-post-thumbnail","hentry","category-autres","category-fil-dactualite"],"_links":{"self":[{"href":"https:\/\/ami.mr\/fr\/wp-json\/wp\/v2\/posts\/286160","targetHints":{"allow":["GET"]}}],"collection":[{"href":"https:\/\/ami.mr\/fr\/wp-json\/wp\/v2\/posts"}],"about":[{"href":"https:\/\/ami.mr\/fr\/wp-json\/wp\/v2\/types\/post"}],"author":[{"embeddable":true,"href":"https:\/\/ami.mr\/fr\/wp-json\/wp\/v2\/users\/8"}],"replies":[{"embeddable":true,"href":"https:\/\/ami.mr\/fr\/wp-json\/wp\/v2\/comments?post=286160"}],"version-history":[{"count":1,"href":"https:\/\/ami.mr\/fr\/wp-json\/wp\/v2\/posts\/286160\/revisions"}],"predecessor-version":[{"id":286162,"href":"https:\/\/ami.mr\/fr\/wp-json\/wp\/v2\/posts\/286160\/revisions\/286162"}],"wp:featuredmedia":[{"embeddable":true,"href":"https:\/\/ami.mr\/fr\/wp-json\/wp\/v2\/media\/286161"}],"wp:attachment":[{"href":"https:\/\/ami.mr\/fr\/wp-json\/wp\/v2\/media?parent=286160"}],"wp:term":[{"taxonomy":"category","embeddable":true,"href":"https:\/\/ami.mr\/fr\/wp-json\/wp\/v2\/categories?post=286160"},{"taxonomy":"post_tag","embeddable":true,"href":"https:\/\/ami.mr\/fr\/wp-json\/wp\/v2\/tags?post=286160"}],"curies":[{"name":"wp","href":"https:\/\/api.w.org\/{rel}","templated":true}]}}