{"id":285789,"date":"2025-12-18T17:35:32","date_gmt":"2025-12-18T17:35:32","guid":{"rendered":"https:\/\/ami.mr\/fr\/?p=285789"},"modified":"2025-12-18T22:07:09","modified_gmt":"2025-12-18T22:07:09","slug":"le-festival-des-villes-du-patrimoine-un-evenement-culturel-et-une-destination-touristique","status":"publish","type":"post","link":"https:\/\/ami.mr\/fr\/archives\/285789","title":{"rendered":"estival des villes du Patrimoine \u00e0 Ouadane : une manifestation culturelle et une destination touristique"},"content":{"rendered":"<p>Le Festival des villes du Patrimoine \u00e0 Ouadane n\u2019est pas un \u00e9v\u00e9nement festif passager, mais un rendez-vous renouvel\u00e9 \u00e0 travers lequel la ville retrouve son rayonnement et ouvre ses portes aux visiteurs venant de l\u2019int\u00e9rieur du pays comme de l\u2019\u00e9tranger.<br \/>\nSur le plan touristique, le festival constitue une v\u00e9ritable opportunit\u00e9 de d\u00e9couvrir Ouadane en tant que ville class\u00e9e au patrimoine mondial, o\u00f9 le visiteur se retrouve dans un espace historique \u00e0 ciel ouvert.<br \/>\nDans ce contexte, et dans une d\u00e9claration \u00e0 l\u2019Agence Mauritanienne d\u2019Information, la directrice du Tourisme, Mme Mariem El Bechir, a affirm\u00e9 que le Festival des villes du Patrimoine est devenu un v\u00e9ritable levier de promotion touristique pour la ville de Ouadane, gr\u00e2ce \u00e0 l\u2019\u00e9clairage m\u00e9diatique et culturel qu\u2019il suscite, tant au niveau national qu\u2019international. Elle a soulign\u00e9 qu\u2019il a contribu\u00e9 \u00e0 augmenter le nombre de visiteurs et \u00e0 leur faire conna\u00eetre le patrimoine civilisationnel et architectural unique de la ville, class\u00e9e au patrimoine de l\u2019humanit\u00e9.<br \/>\nElle a pr\u00e9cis\u00e9 que ce qui distingue particuli\u00e8rement cette \u00e9dition, c\u2019est la diversit\u00e9 des activit\u00e9s culturelles et touristiques qui l\u2019accompagnent, l\u2019am\u00e9lioration du niveau d\u2019organisation, ainsi qu\u2019une participation plus large des acteurs des secteurs du tourisme et des m\u00e9dias, ce qui a renforc\u00e9 l\u2019image de Ouadane comme destination touristique \u00e0 forte valeur historique et culturelle.<br \/>\nConcernant la durabilit\u00e9 de l\u2019impact touristique du festival, la directrice du Tourisme a indiqu\u00e9 que le r\u00f4le du secteur consiste \u00e0 valoriser la dynamique cr\u00e9\u00e9e par le festival en mettant en place des programmes de promotion durables, en encourageant le tourisme culturel et \u00e9cologique, et en soutenant les initiatives locales li\u00e9es \u00e0 l\u2019h\u00e9bergement traditionnel, au guidage touristique et \u00e0 l\u2019artisanat. Elle a insist\u00e9 sur le fait que le secteur \u0153uvre \u00e0 relier le festival \u00e0 des strat\u00e9gies plus larges visant \u00e0 faire de Ouadane une \u00e9tape permanente sur la carte touristique, \u00e0 travers l\u2019am\u00e9lioration des services, la construction de partenariats avec les acteurs priv\u00e9s, ainsi que le renforcement de la formation dans les domaines du tourisme et du patrimoine au b\u00e9n\u00e9fice des populations locales.<br \/>\n\u00c9voquant les d\u00e9fis, Mme Mariem \u00a0El Bechir a indiqu\u00e9 que parmi les plus importants figurent la faiblesse des infrastructures touristiques, notamment en mati\u00e8re d\u2019h\u00e9bergement et de transport, ainsi que le besoin d\u2019une promotion ext\u00e9rieure mieux organis\u00e9e, et la n\u00e9cessit\u00e9 d\u2019assurer la continuit\u00e9 des activit\u00e9s apr\u00e8s la fin du festival.<br \/>\nElle a conclu que ces d\u00e9fis peuvent \u00eatre surmont\u00e9s en renfor\u00e7ant l\u2019investissement dans les infrastructures, en encourageant le partenariat public-priv\u00e9, en soutenant la formation et la qualification, et en adoptant une vision globale faisant du festival un point de d\u00e9part pour un d\u00e9veloppement touristique continu, et non un simple \u00e9v\u00e9nement saisonnier.<\/p>\n","protected":false},"excerpt":{"rendered":"<p>Le Festival des villes du Patrimoine \u00e0 Ouadane n\u2019est pas un \u00e9v\u00e9nement festif passager, mais un rendez-vous renouvel\u00e9 \u00e0 travers lequel la ville retrouve son rayonnement et ouvre ses portes aux visiteurs venant de l\u2019int\u00e9rieur du pays comme de l\u2019\u00e9tranger. Sur le plan touristique, le festival constitue une v\u00e9ritable opportunit\u00e9 de d\u00e9couvrir Ouadane en tant [&hellip;]<\/p>\n","protected":false},"author":8,"featured_media":285792,"comment_status":"open","ping_status":"open","sticky":false,"template":"","format":"standard","meta":{"footnotes":""},"categories":[63918,63957],"tags":[],"class_list":["post-285789","post","type-post","status-publish","format-standard","has-post-thumbnail","hentry","category-autres","category-fil-dactualite"],"_links":{"self":[{"href":"https:\/\/ami.mr\/fr\/wp-json\/wp\/v2\/posts\/285789","targetHints":{"allow":["GET"]}}],"collection":[{"href":"https:\/\/ami.mr\/fr\/wp-json\/wp\/v2\/posts"}],"about":[{"href":"https:\/\/ami.mr\/fr\/wp-json\/wp\/v2\/types\/post"}],"author":[{"embeddable":true,"href":"https:\/\/ami.mr\/fr\/wp-json\/wp\/v2\/users\/8"}],"replies":[{"embeddable":true,"href":"https:\/\/ami.mr\/fr\/wp-json\/wp\/v2\/comments?post=285789"}],"version-history":[{"count":2,"href":"https:\/\/ami.mr\/fr\/wp-json\/wp\/v2\/posts\/285789\/revisions"}],"predecessor-version":[{"id":285827,"href":"https:\/\/ami.mr\/fr\/wp-json\/wp\/v2\/posts\/285789\/revisions\/285827"}],"wp:featuredmedia":[{"embeddable":true,"href":"https:\/\/ami.mr\/fr\/wp-json\/wp\/v2\/media\/285792"}],"wp:attachment":[{"href":"https:\/\/ami.mr\/fr\/wp-json\/wp\/v2\/media?parent=285789"}],"wp:term":[{"taxonomy":"category","embeddable":true,"href":"https:\/\/ami.mr\/fr\/wp-json\/wp\/v2\/categories?post=285789"},{"taxonomy":"post_tag","embeddable":true,"href":"https:\/\/ami.mr\/fr\/wp-json\/wp\/v2\/tags?post=285789"}],"curies":[{"name":"wp","href":"https:\/\/api.w.org\/{rel}","templated":true}]}}