{"id":285735,"date":"2025-12-17T18:33:39","date_gmt":"2025-12-17T18:33:39","guid":{"rendered":"https:\/\/ami.mr\/fr\/?p=285735"},"modified":"2025-12-17T18:33:39","modified_gmt":"2025-12-17T18:33:39","slug":"zouerate-incineration-de-5-tonnes-de-produits-perimes","status":"publish","type":"post","link":"https:\/\/ami.mr\/fr\/archives\/285735","title":{"rendered":"Zouerate : incin\u00e9ration de 5 tonnes de produits p\u00e9rim\u00e9s"},"content":{"rendered":"<div class=\"row\"><\/div>\n<div class=\"row\">\n<div class=\"cell auto-size\">\n<div class=\"set-border bd-gray padding10 margin10 no-margin-right no-margin-left \" dir=\"ltr\">\n<p>Une \u00e9quipe de la d\u00e9l\u00e9gation r\u00e9gionale du minist\u00e8re du Commerce et du Tourisme a proc\u00e9d\u00e9, mercredi \u00e0 Zouerate, sous la supervision du hakem mou\u00e7aid de Zouerate, M. Taleb Ahmed Ould Day Amar, \u00e0 l&#8217;incin\u00e9ration d&#8217;une quantit\u00e9 de 5 tonnes de produits p\u00e9rim\u00e9s.<\/p>\n<p>Dans une d\u00e9claration \u00e0 l&#8217;Agence Mauritanienne d&#8217;Information, le d\u00e9l\u00e9gu\u00e9 r\u00e9gional du Commerce et du Tourisme de la wilaya du Tiris &#8211; Zemmour, M. Mohamed Salem Ould Souvi, a indiqu\u00e9 que \u2018\u2019cette quantit\u00e9, saisie sur les march\u00e9s de la ville de Zouerate, comprend divers produits alimentaires\u2019\u2019.<\/p>\n<p>Il a soulign\u00e9 que cette op\u00e9ration a \u00e9t\u00e9 pr\u00e9c\u00e9d\u00e9e par divers inspections et contr\u00f4les visant \u00e0 prot\u00e9ger le consommateur et \u00e0 d\u00e9barrasser les citoyens des produits avari\u00e9s, p\u00e9rim\u00e9s ou contrefaits.<\/p>\n<p>Il a appel\u00e9 les citoyens de la wilaya \u00e0 signaler tout produit qu&#8217;ils jugeraient avari\u00e9 ou p\u00e9rim\u00e9, exhorant les commer\u00e7ants \u00e0 signaler volontairement les produits avari\u00e9s avant leur saisie, afin d&#8217;\u00e9viter les sanctions pr\u00e9vues par la loi.<\/p>\n<\/div>\n<\/div>\n<\/div>\n","protected":false},"excerpt":{"rendered":"<p>Une \u00e9quipe de la d\u00e9l\u00e9gation r\u00e9gionale du minist\u00e8re du Commerce et du Tourisme a proc\u00e9d\u00e9, mercredi \u00e0 Zouerate, sous la supervision du hakem mou\u00e7aid de Zouerate, M. Taleb Ahmed Ould Day Amar, \u00e0 l&#8217;incin\u00e9ration d&#8217;une quantit\u00e9 de 5 tonnes de produits p\u00e9rim\u00e9s. Dans une d\u00e9claration \u00e0 l&#8217;Agence Mauritanienne d&#8217;Information, le d\u00e9l\u00e9gu\u00e9 r\u00e9gional du Commerce et [&hellip;]<\/p>\n","protected":false},"author":8,"featured_media":285737,"comment_status":"open","ping_status":"open","sticky":false,"template":"","format":"standard","meta":{"footnotes":""},"categories":[63918,63957],"tags":[],"class_list":["post-285735","post","type-post","status-publish","format-standard","has-post-thumbnail","hentry","category-autres","category-fil-dactualite"],"_links":{"self":[{"href":"https:\/\/ami.mr\/fr\/wp-json\/wp\/v2\/posts\/285735","targetHints":{"allow":["GET"]}}],"collection":[{"href":"https:\/\/ami.mr\/fr\/wp-json\/wp\/v2\/posts"}],"about":[{"href":"https:\/\/ami.mr\/fr\/wp-json\/wp\/v2\/types\/post"}],"author":[{"embeddable":true,"href":"https:\/\/ami.mr\/fr\/wp-json\/wp\/v2\/users\/8"}],"replies":[{"embeddable":true,"href":"https:\/\/ami.mr\/fr\/wp-json\/wp\/v2\/comments?post=285735"}],"version-history":[{"count":1,"href":"https:\/\/ami.mr\/fr\/wp-json\/wp\/v2\/posts\/285735\/revisions"}],"predecessor-version":[{"id":285738,"href":"https:\/\/ami.mr\/fr\/wp-json\/wp\/v2\/posts\/285735\/revisions\/285738"}],"wp:featuredmedia":[{"embeddable":true,"href":"https:\/\/ami.mr\/fr\/wp-json\/wp\/v2\/media\/285737"}],"wp:attachment":[{"href":"https:\/\/ami.mr\/fr\/wp-json\/wp\/v2\/media?parent=285735"}],"wp:term":[{"taxonomy":"category","embeddable":true,"href":"https:\/\/ami.mr\/fr\/wp-json\/wp\/v2\/categories?post=285735"},{"taxonomy":"post_tag","embeddable":true,"href":"https:\/\/ami.mr\/fr\/wp-json\/wp\/v2\/tags?post=285735"}],"curies":[{"name":"wp","href":"https:\/\/api.w.org\/{rel}","templated":true}]}}