{"id":285621,"date":"2025-12-16T16:43:07","date_gmt":"2025-12-16T16:43:07","guid":{"rendered":"https:\/\/ami.mr\/fr\/?p=285621"},"modified":"2025-12-16T16:43:07","modified_gmt":"2025-12-16T16:43:07","slug":"geneve-la-ministre-de-leducation-participe-a-une-reunion-internationale-pour-mobiliser-des-fonds-et-oeuvrer-en-faveur-des-plans-gouvernementaux","status":"publish","type":"post","link":"https:\/\/ami.mr\/fr\/archives\/285621","title":{"rendered":"Gen\u00e8ve : La ministre de l\u2019\u00c9ducation participe \u00e0 une r\u00e9union internationale pour mobiliser des fonds et \u0153uvrer en faveur des plans gouvernementaux"},"content":{"rendered":"<p>La ministre de l\u2019\u00c9ducation et de la R\u00e9forme du syst\u00e8me \u00e9ducatif, Mme Houda Babah, a particip\u00e9 lundi, \u00e0 Gen\u00e8ve, \u00e0 une r\u00e9union internationale intitul\u00e9e : \u00ab Mobiliser des fonds et des actions en faveur des plans gouvernementaux \u00bb, dans le cadre de la Conf\u00e9rence mondiale sur les r\u00e9fugi\u00e9s, qui s\u2019est tenue du 15 au 17 d\u00e9cembre 2025.<\/p>\n<p>En marge de cette r\u00e9union, la ministre, accompagn\u00e9e de notre ambassadrice en Suisse, Mme A\u00efcha Vall Verg\u00e8s, et du secr\u00e9taire g\u00e9n\u00e9ral du minist\u00e8re de l\u2019Int\u00e9rieur, de la D\u00e9centralisation et du D\u00e9veloppement local, M. Abderrahmane Ould El Hassan, a assist\u00e9 \u00e0 la signature d\u2019un protocole d\u2019accord visant \u00e0 \u00e9tablir un cadre de coop\u00e9ration strat\u00e9gique et pratique pour soutenir l\u2019utilisation de l\u2019eau comme outil de paix et de coh\u00e9sion sociale entre les communaut\u00e9s d\u2019accueil et les r\u00e9fugi\u00e9s.<\/p>\n<p>Mme Houda Babah a \u00e9galement rencontr\u00e9 le directeur r\u00e9gional du Haut-Commissariat des Nations Unies pour les r\u00e9fugi\u00e9s (HCR), au cours duquel les deux parties ont discut\u00e9 des moyens de renforcer la coop\u00e9ration et d&#8217;orienter les efforts conjoints vers la r\u00e9alisation des objectifs gouvernementaux au service des citoyens et des r\u00e9fugi\u00e9s.<\/p>\n","protected":false},"excerpt":{"rendered":"<p>La ministre de l\u2019\u00c9ducation et de la R\u00e9forme du syst\u00e8me \u00e9ducatif, Mme Houda Babah, a particip\u00e9 lundi, \u00e0 Gen\u00e8ve, \u00e0 une r\u00e9union internationale intitul\u00e9e : \u00ab Mobiliser des fonds et des actions en faveur des plans gouvernementaux \u00bb, dans le cadre de la Conf\u00e9rence mondiale sur les r\u00e9fugi\u00e9s, qui s\u2019est tenue du 15 au 17 [&hellip;]<\/p>\n","protected":false},"author":5,"featured_media":285629,"comment_status":"open","ping_status":"open","sticky":false,"template":"","format":"standard","meta":{"footnotes":""},"categories":[63920,63957,25,63926],"tags":[],"class_list":["post-285621","post","type-post","status-publish","format-standard","has-post-thumbnail","hentry","category-a-la-une","category-fil-dactualite","category-25","category-slider-general"],"_links":{"self":[{"href":"https:\/\/ami.mr\/fr\/wp-json\/wp\/v2\/posts\/285621","targetHints":{"allow":["GET"]}}],"collection":[{"href":"https:\/\/ami.mr\/fr\/wp-json\/wp\/v2\/posts"}],"about":[{"href":"https:\/\/ami.mr\/fr\/wp-json\/wp\/v2\/types\/post"}],"author":[{"embeddable":true,"href":"https:\/\/ami.mr\/fr\/wp-json\/wp\/v2\/users\/5"}],"replies":[{"embeddable":true,"href":"https:\/\/ami.mr\/fr\/wp-json\/wp\/v2\/comments?post=285621"}],"version-history":[{"count":1,"href":"https:\/\/ami.mr\/fr\/wp-json\/wp\/v2\/posts\/285621\/revisions"}],"predecessor-version":[{"id":285630,"href":"https:\/\/ami.mr\/fr\/wp-json\/wp\/v2\/posts\/285621\/revisions\/285630"}],"wp:featuredmedia":[{"embeddable":true,"href":"https:\/\/ami.mr\/fr\/wp-json\/wp\/v2\/media\/285629"}],"wp:attachment":[{"href":"https:\/\/ami.mr\/fr\/wp-json\/wp\/v2\/media?parent=285621"}],"wp:term":[{"taxonomy":"category","embeddable":true,"href":"https:\/\/ami.mr\/fr\/wp-json\/wp\/v2\/categories?post=285621"},{"taxonomy":"post_tag","embeddable":true,"href":"https:\/\/ami.mr\/fr\/wp-json\/wp\/v2\/tags?post=285621"}],"curies":[{"name":"wp","href":"https:\/\/api.w.org\/{rel}","templated":true}]}}