{"id":285533,"date":"2025-12-15T17:04:17","date_gmt":"2025-12-15T17:04:17","guid":{"rendered":"https:\/\/ami.mr\/fr\/?p=285533"},"modified":"2025-12-15T17:04:17","modified_gmt":"2025-12-15T17:04:17","slug":"hodh-chargui-organisation-dun-atelier-technique-sur-le-projet-awkar","status":"publish","type":"post","link":"https:\/\/ami.mr\/fr\/archives\/285533","title":{"rendered":"Hodh Chargui: organisation d&#8217;un atelier technique sur le projet &#8220;Awkar&#8221;"},"content":{"rendered":"<p>Le secr\u00e9taire g\u00e9n\u00e9ral du minist\u00e8re de l\u2019Elevage, M. Ahmed Ould Allal, accompagn\u00e9 du wali du Hodh Chargui, M. Isselmou Ould Sidi, a supervis\u00e9, lundi \u00e0 Nema, le lancement des travaux de l&#8217;atelier technique relatif au projet Awkar.<\/p>\n<p>Le lancement de cet atelier technique s&#8217;inscrit dans le cadre du renforcement des efforts du minist\u00e8re de l\u2019Elevage visant \u00e0 pr\u00e9senter le projet Awkar &#8220;Phase I&#8221; aux acteurs locaux.<\/p>\n<p>L&#8217;atelier a permis d&#8217;informer les acteurs locaux des objectifs du projet, qui fait partie du programme de d\u00e9veloppement int\u00e9gr\u00e9 de l&#8217;\u00e9levage dans les r\u00e9gions d&#8217;Awkar.<\/p>\n<p>Ouvrant l\u2019atelier, Ould Allal a soulign\u00e9 que \u2018\u2019l&#8217;approche du projet &#8220;Awkar&#8221; apporte un ensemble de solutions innovantes et int\u00e9gr\u00e9es, comprenant des itin\u00e9raires de transhumance et leur connexion aux march\u00e9s et services, le renforcement des infrastructures pastorales par la cr\u00e9ation de points d&#8217;eau, la construction de petits barrages, l&#8217;identification et la r\u00e9habilitation des p\u00e2turages d\u00e9grad\u00e9s, l&#8217;exploitation des p\u00e2turages denses pendant les p\u00e9riodes d&#8217;abondance, le d\u00e9veloppement des services de vulgarisation v\u00e9t\u00e9rinaire et pastorale via des unit\u00e9s mobiles; en plus de la num\u00e9risation des itin\u00e9raires de transhumance, le d\u00e9veloppement de m\u00e9canismes d&#8217;alerte pr\u00e9coce aux catastrophes pastorales, et l&#8217;implication des \u00e9leveurs dans la prise de d\u00e9cision via des comit\u00e9s pastoraux r\u00e9gionaux et locaux, contribuant \u00e0 une planification rationnelle et durable des ressources pastorales et hydriques, et soutenant l&#8217;int\u00e9gration entre l&#8217;agriculture et l&#8217;\u00e9levage, l&#8217;organisation de campagnes de sensibilisation sur l&#8217;importance de l&#8217;exploitation, et le soutien et l&#8217;autonomisation des femmes et des jeunes dans le milieu pastoral par le biais de micro-financements et de formations professionnelles\u2019\u2019.<\/p>\n<p>Il a soulign\u00e9 que le projet incarne l&#8217;ambition des hautes autorit\u00e9s visant \u00e0 renforcer le d\u00e9veloppement local, en particulier, dans les zones isol\u00e9es.<\/p>\n<p>De son c\u00f4t\u00e9, le pr\u00e9sident de la r\u00e9gion du Hodh Chargui, M. Mohamedou Ould Tijani, a salu\u00e9 les efforts du d\u00e9partement de l\u2019\u00e9levage, soulignant que ce projet r\u00e9pond aux piliers essentiels du d\u00e9veloppement dans les r\u00e9gions d&#8217;Awkar.<\/p>\n<p>En marge de la rencontre, le comit\u00e9 de pilotage et de suivi du projet a tenu sa premi\u00e8re r\u00e9union sous la pr\u00e9sidence du wali, accompagn\u00e9 du coordinateur du projet, M. Ahmed Salem Ould Larbi.<\/p>\n<p>Notons que l budget total du projet s&#8217;\u00e9l\u00e8ve \u00e0 27 millions de dollars.<\/p>\n<p>Le lancement de l&#8217;atelier s&#8217;est d\u00e9roul\u00e9 en pr\u00e9sence des autorit\u00e9s administratives, s\u00e9curitaires et militaires, des hakems et maires des moughataas cibl\u00e9es par la premi\u00e8re phase du projet Awkar, des chefs des services techniques concern\u00e9s par les interventions du projet et des acteurs de la soci\u00e9t\u00e9 civile.<\/p>\n<p>&nbsp;<\/p>\n<p>&nbsp;<\/p>\n<p>&nbsp;<\/p>\n","protected":false},"excerpt":{"rendered":"<p>Le secr\u00e9taire g\u00e9n\u00e9ral du minist\u00e8re de l\u2019Elevage, M. Ahmed Ould Allal, accompagn\u00e9 du wali du Hodh Chargui, M. Isselmou Ould Sidi, a supervis\u00e9, lundi \u00e0 Nema, le lancement des travaux de l&#8217;atelier technique relatif au projet Awkar. Le lancement de cet atelier technique s&#8217;inscrit dans le cadre du renforcement des efforts du minist\u00e8re de l\u2019Elevage [&hellip;]<\/p>\n","protected":false},"author":5,"featured_media":285534,"comment_status":"open","ping_status":"open","sticky":false,"template":"","format":"standard","meta":{"footnotes":""},"categories":[63918,63957,8672],"tags":[],"class_list":["post-285533","post","type-post","status-publish","format-standard","has-post-thumbnail","hentry","category-autres","category-fil-dactualite","category-8672"],"_links":{"self":[{"href":"https:\/\/ami.mr\/fr\/wp-json\/wp\/v2\/posts\/285533","targetHints":{"allow":["GET"]}}],"collection":[{"href":"https:\/\/ami.mr\/fr\/wp-json\/wp\/v2\/posts"}],"about":[{"href":"https:\/\/ami.mr\/fr\/wp-json\/wp\/v2\/types\/post"}],"author":[{"embeddable":true,"href":"https:\/\/ami.mr\/fr\/wp-json\/wp\/v2\/users\/5"}],"replies":[{"embeddable":true,"href":"https:\/\/ami.mr\/fr\/wp-json\/wp\/v2\/comments?post=285533"}],"version-history":[{"count":1,"href":"https:\/\/ami.mr\/fr\/wp-json\/wp\/v2\/posts\/285533\/revisions"}],"predecessor-version":[{"id":285535,"href":"https:\/\/ami.mr\/fr\/wp-json\/wp\/v2\/posts\/285533\/revisions\/285535"}],"wp:featuredmedia":[{"embeddable":true,"href":"https:\/\/ami.mr\/fr\/wp-json\/wp\/v2\/media\/285534"}],"wp:attachment":[{"href":"https:\/\/ami.mr\/fr\/wp-json\/wp\/v2\/media?parent=285533"}],"wp:term":[{"taxonomy":"category","embeddable":true,"href":"https:\/\/ami.mr\/fr\/wp-json\/wp\/v2\/categories?post=285533"},{"taxonomy":"post_tag","embeddable":true,"href":"https:\/\/ami.mr\/fr\/wp-json\/wp\/v2\/tags?post=285533"}],"curies":[{"name":"wp","href":"https:\/\/api.w.org\/{rel}","templated":true}]}}