{"id":285424,"date":"2025-12-13T15:23:57","date_gmt":"2025-12-13T15:23:57","guid":{"rendered":"https:\/\/ami.mr\/fr\/?p=285424"},"modified":"2025-12-13T15:36:06","modified_gmt":"2025-12-13T15:36:06","slug":"le-president-du-haut-conseil-de-la-fatwa-se-rend-aux-emirats-arabes-unis","status":"publish","type":"post","link":"https:\/\/ami.mr\/fr\/archives\/285424","title":{"rendered":"Le pr\u00e9sident du Haut conseil de la Fatwa se rend aux \u00c9mirats Arabes Unis"},"content":{"rendered":"<p>Le pr\u00e9sident du Haut conseil de la Fatwa et des Recours gr\u00e2cieux, M. Isselmou Ould Sid\u2019El Moustaph, a quitt\u00e9 Nouakchott, samedi, \u00e0 destination de l&#8217;\u00c9tat fr\u00e8re des \u00c9mirats Arabes Unis, pour participer \u00e0 la troisi\u00e8me Conf\u00e9rence Mondiale sur la Fatwa, organis\u00e9e par le Conseil des \u00c9mirats pour la Fatwa L\u00e9gale, les 15 et 16 d\u00e9cembre, \u00e0 Abu Dhabi, sous le th\u00e8me: \u00abla famille dans le contexte du fiqh de la r\u00e9alit\u00e9: identit\u00e9 nationale et soci\u00e9t\u00e9 unifi\u00e9e\u00bb.<\/p>\n","protected":false},"excerpt":{"rendered":"<p>Le pr\u00e9sident du Haut conseil de la Fatwa et des Recours gr\u00e2cieux, M. Isselmou Ould Sid\u2019El Moustaph, a quitt\u00e9 Nouakchott, samedi, \u00e0 destination de l&#8217;\u00c9tat fr\u00e8re des \u00c9mirats Arabes Unis, pour participer \u00e0 la troisi\u00e8me Conf\u00e9rence Mondiale sur la Fatwa, organis\u00e9e par le Conseil des \u00c9mirats pour la Fatwa L\u00e9gale, les 15 et 16 d\u00e9cembre, [&hellip;]<\/p>\n","protected":false},"author":21,"featured_media":285427,"comment_status":"open","ping_status":"open","sticky":false,"template":"","format":"standard","meta":{"footnotes":""},"categories":[63918,63957,63959],"tags":[],"class_list":["post-285424","post","type-post","status-publish","format-standard","has-post-thumbnail","hentry","category-autres","category-fil-dactualite","category-mauritanie"],"_links":{"self":[{"href":"https:\/\/ami.mr\/fr\/wp-json\/wp\/v2\/posts\/285424","targetHints":{"allow":["GET"]}}],"collection":[{"href":"https:\/\/ami.mr\/fr\/wp-json\/wp\/v2\/posts"}],"about":[{"href":"https:\/\/ami.mr\/fr\/wp-json\/wp\/v2\/types\/post"}],"author":[{"embeddable":true,"href":"https:\/\/ami.mr\/fr\/wp-json\/wp\/v2\/users\/21"}],"replies":[{"embeddable":true,"href":"https:\/\/ami.mr\/fr\/wp-json\/wp\/v2\/comments?post=285424"}],"version-history":[{"count":1,"href":"https:\/\/ami.mr\/fr\/wp-json\/wp\/v2\/posts\/285424\/revisions"}],"predecessor-version":[{"id":285426,"href":"https:\/\/ami.mr\/fr\/wp-json\/wp\/v2\/posts\/285424\/revisions\/285426"}],"wp:featuredmedia":[{"embeddable":true,"href":"https:\/\/ami.mr\/fr\/wp-json\/wp\/v2\/media\/285427"}],"wp:attachment":[{"href":"https:\/\/ami.mr\/fr\/wp-json\/wp\/v2\/media?parent=285424"}],"wp:term":[{"taxonomy":"category","embeddable":true,"href":"https:\/\/ami.mr\/fr\/wp-json\/wp\/v2\/categories?post=285424"},{"taxonomy":"post_tag","embeddable":true,"href":"https:\/\/ami.mr\/fr\/wp-json\/wp\/v2\/tags?post=285424"}],"curies":[{"name":"wp","href":"https:\/\/api.w.org\/{rel}","templated":true}]}}