{"id":285375,"date":"2025-12-12T16:06:46","date_gmt":"2025-12-12T16:06:46","guid":{"rendered":"https:\/\/ami.mr\/fr\/?p=285375"},"modified":"2025-12-12T16:08:30","modified_gmt":"2025-12-12T16:08:30","slug":"le-premier-ministre-recoit-une-delegation-du-comite-central-du-parti-communiste-chinois","status":"publish","type":"post","link":"https:\/\/ami.mr\/fr\/archives\/285375","title":{"rendered":"Le Premier ministre re\u00e7oit une d\u00e9l\u00e9gation du Comit\u00e9 central du Parti communiste chinois"},"content":{"rendered":"<p>Le Premier ministre, M. Mokhtar Ould Diay, a re\u00e7u vendredi \u00e0 son bureau une d\u00e9l\u00e9gation de haut niveau du D\u00e9partement des relations internationales du Comit\u00e9 central du Parti communiste chinois, conduite par SEM Jin Xin, ministre assistant du D\u00e9partement, accompagn\u00e9 de membres du Parti. Cette d\u00e9l\u00e9gation effectue une visite d&#8217;amiti\u00e9 et de travail dans notre pays \u00e0 l&#8217;invitation du parti El Insaf.<\/p>\n<p>\u00c0 l&#8217;issue de la rencontre, le chef de la d\u00e9l\u00e9gation chinoise a d\u00e9clar\u00e9 \u00e0 l&#8217;Agence Mauritanienne d&#8217;Information que les relations de coop\u00e9ration entre la Mauritanie et la Chine sont fructueuses, surtout apr\u00e8s la rencontre des deux pr\u00e9sidents en 2022.<\/p>\n<p>Il a affirm\u00e9 que les relations entre les deux pays amis sont un mod\u00e8le \u00e0 suivre, soulignant que cette visite repr\u00e9sente une \u00e9tape pour la mise en \u0153uvre des directives des deux Pr\u00e9sidents afin de porter les relations bilat\u00e9rales au plus haut niveau.<\/p>\n<p>Il a exprim\u00e9 sa satisfaction face au grand d\u00e9veloppement que la Mauritanie a connu dans divers domaines sous la direction de Son Excellence le Pr\u00e9sident de la R\u00e9publique, M. Mohamed Ould Cheikh El Ghazouani, affirmant la volont\u00e9 de son pays de travailler avec la Mauritanie pour \u00e9lever les relations d&#8217;amiti\u00e9 et de coop\u00e9ration \u00e0 un niveau sup\u00e9rieur.<\/p>\n<p>La rencontre a eu lieu en pr\u00e9sence du directeur adjoint du cabinet du Premier ministre, M. Fouad El Mokhtar Nech, du vice-pr\u00e9sident du parti El Insaf, M. Mohamed Yahya Ould Horma, de la conseill\u00e8re du Premier ministre charg\u00e9e des affaires politiques, Mme Hindou Mint Einina, ainsi que du secr\u00e9taire g\u00e9n\u00e9ral du parti El Insaf, M. Fall N&#8217;Guessali, et du conseiller du pr\u00e9sident du parti El Insaf, M. Sidaty Ould Sid El Kheir.<\/p>\n","protected":false},"excerpt":{"rendered":"<p>Le Premier ministre, M. Mokhtar Ould Diay, a re\u00e7u vendredi \u00e0 son bureau une d\u00e9l\u00e9gation de haut niveau du D\u00e9partement des relations internationales du Comit\u00e9 central du Parti communiste chinois, conduite par SEM Jin Xin, ministre assistant du D\u00e9partement, accompagn\u00e9 de membres du Parti. Cette d\u00e9l\u00e9gation effectue une visite d&#8217;amiti\u00e9 et de travail dans notre [&hellip;]<\/p>\n","protected":false},"author":10,"featured_media":285376,"comment_status":"open","ping_status":"open","sticky":false,"template":"","format":"standard","meta":{"footnotes":""},"categories":[63957,63959,63921,63927],"tags":[],"class_list":["post-285375","post","type-post","status-publish","format-standard","has-post-thumbnail","hentry","category-fil-dactualite","category-mauritanie","category-slider-afficher","category-slider-mauritanie"],"_links":{"self":[{"href":"https:\/\/ami.mr\/fr\/wp-json\/wp\/v2\/posts\/285375","targetHints":{"allow":["GET"]}}],"collection":[{"href":"https:\/\/ami.mr\/fr\/wp-json\/wp\/v2\/posts"}],"about":[{"href":"https:\/\/ami.mr\/fr\/wp-json\/wp\/v2\/types\/post"}],"author":[{"embeddable":true,"href":"https:\/\/ami.mr\/fr\/wp-json\/wp\/v2\/users\/10"}],"replies":[{"embeddable":true,"href":"https:\/\/ami.mr\/fr\/wp-json\/wp\/v2\/comments?post=285375"}],"version-history":[{"count":2,"href":"https:\/\/ami.mr\/fr\/wp-json\/wp\/v2\/posts\/285375\/revisions"}],"predecessor-version":[{"id":285378,"href":"https:\/\/ami.mr\/fr\/wp-json\/wp\/v2\/posts\/285375\/revisions\/285378"}],"wp:featuredmedia":[{"embeddable":true,"href":"https:\/\/ami.mr\/fr\/wp-json\/wp\/v2\/media\/285376"}],"wp:attachment":[{"href":"https:\/\/ami.mr\/fr\/wp-json\/wp\/v2\/media?parent=285375"}],"wp:term":[{"taxonomy":"category","embeddable":true,"href":"https:\/\/ami.mr\/fr\/wp-json\/wp\/v2\/categories?post=285375"},{"taxonomy":"post_tag","embeddable":true,"href":"https:\/\/ami.mr\/fr\/wp-json\/wp\/v2\/tags?post=285375"}],"curies":[{"name":"wp","href":"https:\/\/api.w.org\/{rel}","templated":true}]}}