{"id":285368,"date":"2025-12-12T15:49:21","date_gmt":"2025-12-12T15:49:21","guid":{"rendered":"https:\/\/ami.mr\/fr\/?p=285368"},"modified":"2025-12-12T15:49:21","modified_gmt":"2025-12-12T15:49:21","slug":"le-president-de-la-republique-lance-un-service-de-couverture-des-zones-frontalieres-sud-et-sud-est-par-les-telecommunications-electroniques","status":"publish","type":"post","link":"https:\/\/ami.mr\/fr\/archives\/285368","title":{"rendered":"Le Pr\u00e9sident de la R\u00e9publique lance un service de couverture des zones frontali\u00e8res sud et sud-est par les t\u00e9l\u00e9communications \u00e9lectroniques"},"content":{"rendered":"<p>Son Excellence le Pr\u00e9sident de la R\u00e9publique, M. Mohamed Ould Cheikh El Ghazouani, a lanc\u00e9 vendredi, depuis la ville de Kiffa, le service de couverture des zones frontali\u00e8res sud et sud-est par les communications \u00e9lectroniques nationales de deuxi\u00e8me (G2) et quatri\u00e8me (G4) g\u00e9n\u00e9rations.<\/p>\n<p>Le Pr\u00e9sident de la R\u00e9publique a suivi une pr\u00e9sentation sur cet important projet strat\u00e9gique, les \u00e9tapes de sa mise en \u0153uvre, les zones cibl\u00e9es et les mesures adopt\u00e9es pour qu&#8217;il soit r\u00e9alis\u00e9 conform\u00e9ment au cahier des charges.<\/p>\n<p>Dans son allocution, le ministre de la Transformation num\u00e9rique, de l&#8217;Innovation et de la Modernisation de l&#8217;administration, M. Ahmed Salem Ould Bede Etfagha, a d\u00e9clar\u00e9 que le rythme de lancement des projets de d\u00e9veloppement dans le pays connait une acc\u00e9l\u00e9ration qualitative sous le r\u00e8gne de Son Excellence le Pr\u00e9sident de la R\u00e9publique, M. Mohamed Ould Cheikh El Ghazouani, soulignant que sa vision en mati\u00e8re de modernisation de l&#8217;\u00c9tat et de construction des fondements de son renouveau se concr\u00e9tise sur le terrain \u00e0 travers les projets dont la mise en \u0153uvre est supervis\u00e9e par le gouvernement sous la direction du Premier ministre, M. Moctar Ould Djay.<\/p>\n<p>Il a expliqu\u00e9 que le lancement de ce nouveau service rev\u00eat une importance particuli\u00e8re car il relie les villages frontaliers recul\u00e9s aux r\u00e9seaux nationaux, pr\u00e9cisant que le projet couvre les r\u00e9gions du sud et du sud-est, s&#8217;\u00e9tendant de N\u2019Diago \u00e0 N\u2019Beykett Lahouach, et fournissant des services de communication de deuxi\u00e8me et quatri\u00e8me g\u00e9n\u00e9rations, dans le cadre d&#8217;un effort national visant \u00e0 renforcer la souverainet\u00e9 num\u00e9rique, \u00e0 lutter contre l&#8217;isolement et \u00e0 soutenir le d\u00e9veloppement local.<\/p>\n<p>Le ministre a indiqu\u00e9 que ce projet constitue un atout suppl\u00e9mentaire qui renforce l&#8217;infrastructure num\u00e9rique et relie des zones auparavant isol\u00e9es \u00e0 un r\u00e9seau national unifi\u00e9.<\/p>\n<p>Il a salu\u00e9 les directives de Son Excellence le Pr\u00e9sident de la R\u00e9publique, qui ont insist\u00e9 sur le respect des normes de qualit\u00e9 et des d\u00e9lais d&#8217;ex\u00e9cution, soulignant que les travaux de ce projet ont \u00e9t\u00e9 r\u00e9alis\u00e9s conform\u00e9ment aux sp\u00e9cifications requises et avant les d\u00e9lais contractuels. Il a ajout\u00e9 que l&#8217;exploitation exp\u00e9rimentale du service a donn\u00e9 des r\u00e9sultats positifs, le nombre d&#8217;utilisateurs d\u00e9passant les 233 000 abonn\u00e9s, ce qui refl\u00e8te l&#8217;impact direct du projet sur la vie des citoyens.<\/p>\n<p>M. Ould Bede Etfagha a d\u00e9clar\u00e9 que cette r\u00e9alisation s&#8217;inscrit dans le cadre d&#8217;un ensemble de projets connexes, parmi lesquels le lancement d&#8217;un appel d&#8217;offres pour les licences de cinqui\u00e8me g\u00e9n\u00e9ration, l&#8217;activation du service d&#8217;itin\u00e9rance nationale et l&#8217;adoption de l&#8217;identification biom\u00e9trique des abonn\u00e9s. Il a soulign\u00e9 que l&#8217;infrastructure num\u00e9rique a connu un essor sans pr\u00e9c\u00e9dent au cours des derni\u00e8res ann\u00e9es, avec une augmentation de 350 % de la couverture et le r\u00e9seau de fibre optique s&#8217;est \u00e9tendu de 360 %.<\/p>\n<p>Il a ajout\u00e9 que de nombreux villages qui d\u00e9pendaient des r\u00e9seaux des pays voisins b\u00e9n\u00e9ficient aujourd&#8217;hui d&#8217;un service national de haute qualit\u00e9, soulignant que ces progr\u00e8s traduisent la capacit\u00e9 de l&#8217;\u00c9tat \u00e0 prot\u00e9ger ses fronti\u00e8res, \u00e0 les construire et \u00e0 les transformer en espaces de d\u00e9veloppement dynamiques.<\/p>\n<p>Le ministre a enfin soulign\u00e9 que la fourniture de services de base aux fronti\u00e8res constitue un pilier pour renforcer la s\u00e9curit\u00e9 et la stabilit\u00e9 et consolider la pr\u00e9sence de l&#8217;\u00c9tat.<\/p>\n<p>De leur c\u00f4t\u00e9, les maires des communes b\u00e9n\u00e9ficiaires de ce projet, \u00ab Oum Acheyich \u00bb, \u00ab Tanaha \u00bb, \u00ab N\u2019Beykett Lahouach \u00bb, \u00ab El Mabrouk \u00bb, \u00ab Lahreyjat \u00bb, \u00ab Koumi \u00bb, \u00ab Bousteila \u00bb et \u00ab El Masgoul \u00bb, et<\/p>\n<p>\u00ab Fassala \u00bb, ont remerci\u00e9 dans des messages vid\u00e9o le Pr\u00e9sident de la R\u00e9publique pour cette r\u00e9alisation importante qui a am\u00e9lior\u00e9 l&#8217;acc\u00e8s des habitants de ces communes frontali\u00e8res aux services de communication, exprimant leur profonde gratitude pour cette r\u00e9alisation qui leur ouvrira de nouvelles perspectives.<\/p>\n<p>Ce projet important, dont l&#8217;inauguration s&#8217;inscrit dans le cadre des c\u00e9l\u00e9brations du 65e anniversaire de l&#8217;ind\u00e9pendance nationale, permettra de renforcer l&#8217;acc\u00e8s des habitants des zones frontali\u00e8res s&#8217;\u00e9tendant de N\u2019Diago \u00e0 N\u2019Beykett Lahouach aux services de t\u00e9l\u00e9communications \u00e9lectroniques, gr\u00e2ce \u00e0 des stations de couverture et de liaison radio.<\/p>\n<p>R\u00e9alis\u00e9 en partenariat entre le minist\u00e8re de la Transformation num\u00e9rique et de la Modernisation de l&#8217;administration et l&#8217;Autorit\u00e9 de r\u00e9gulation, ce projet a \u00e9t\u00e9 mis en \u0153uvre en trois phases, dont la premi\u00e8re a couvert la bande frontali\u00e8re s&#8217;\u00e9tendant de N\u2019Diago \u00e0 Ould Yeng\u00e9, tandis que les deuxi\u00e8me et troisi\u00e8me phases ont couvert les zones s&#8217;\u00e9tendant de \u00ab Ould Yeng\u00e9 \u00bb \u00e0 \u00ab Fassala \u00bb et de \u00ab Fassala \u00bb \u00e0 \u00abN\u2019Beykett Lahouach\u00bb.<\/p>\n<p>Cette r\u00e9alisation strat\u00e9gique, qui contribuera \u00e0 stimuler le d\u00e9veloppement local, a permis \u00e0 plus de 400 communaut\u00e9s, soit environ 230 000 habitants, d&#8217;acc\u00e9der directement aux services num\u00e9riques nationaux, gr\u00e2ce \u00e0 un financement du Fonds pour l&#8217;acc\u00e8s universel aux services d&#8217;un montant de 31 376 680 euros.<\/p>\n<p>Il a \u00e9galement contribu\u00e9 \u00e0 rapprocher le service des citoyens en am\u00e9liorant l&#8217;acc\u00e8s de dizaines de milliers d&#8217;habitants aux services num\u00e9riques, notamment les services publics li\u00e9s aux documents d&#8217;\u00e9tat civil, \u00e0 l&#8217;\u00e9ducation et \u00e0 la sant\u00e9, ainsi qu&#8217;aux services administratifs et aux transactions financi\u00e8res num\u00e9riques.<\/p>\n<p>Ce projet, qui couvre une superficie de plus de 14 000 km\u00b2 pour la deuxi\u00e8me g\u00e9n\u00e9ration et de plus de 6 000 km\u00b2 pour la quatri\u00e8me g\u00e9n\u00e9ration, permettra de connecter les habitants de ces zones aux r\u00e9seaux nationaux au lieu de recourir aux r\u00e9seaux des pays voisins, ce qui renforcera la protection des donn\u00e9es personnelles des citoyens et limitera le risque de fuite des donn\u00e9es nationales.<\/p>\n<p>La c\u00e9r\u00e9monie de lancement des services de ce projet s&#8217;est d\u00e9roul\u00e9e en pr\u00e9sence du ministre charg\u00e9 du cabinet du Pr\u00e9sident de la R\u00e9publique, du ministre de l&#8217;\u00c9quipement et des Transports, du wali de l\u2019Assaba, du pr\u00e9sident de la r\u00e9gion, du hakem de la moughataa de Kiffa et du maire de sa commune, de ses d\u00e9put\u00e9s \u00e0 l&#8217;Assembl\u00e9e nationale, ainsi que des cadres et notables de la wilaya.<\/p>\n","protected":false},"excerpt":{"rendered":"<p>Son Excellence le Pr\u00e9sident de la R\u00e9publique, M. Mohamed Ould Cheikh El Ghazouani, a lanc\u00e9 vendredi, depuis la ville de Kiffa, le service de couverture des zones frontali\u00e8res sud et sud-est par les communications \u00e9lectroniques nationales de deuxi\u00e8me (G2) et quatri\u00e8me (G4) g\u00e9n\u00e9rations. Le Pr\u00e9sident de la R\u00e9publique a suivi une pr\u00e9sentation sur cet important [&hellip;]<\/p>\n","protected":false},"author":17,"featured_media":285369,"comment_status":"open","ping_status":"open","sticky":false,"template":"","format":"standard","meta":{"footnotes":""},"categories":[63957,63921,63923,8672],"tags":[],"class_list":["post-285368","post","type-post","status-publish","format-standard","has-post-thumbnail","hentry","category-fil-dactualite","category-slider-afficher","category-slider-wilayas","category-8672"],"_links":{"self":[{"href":"https:\/\/ami.mr\/fr\/wp-json\/wp\/v2\/posts\/285368","targetHints":{"allow":["GET"]}}],"collection":[{"href":"https:\/\/ami.mr\/fr\/wp-json\/wp\/v2\/posts"}],"about":[{"href":"https:\/\/ami.mr\/fr\/wp-json\/wp\/v2\/types\/post"}],"author":[{"embeddable":true,"href":"https:\/\/ami.mr\/fr\/wp-json\/wp\/v2\/users\/17"}],"replies":[{"embeddable":true,"href":"https:\/\/ami.mr\/fr\/wp-json\/wp\/v2\/comments?post=285368"}],"version-history":[{"count":1,"href":"https:\/\/ami.mr\/fr\/wp-json\/wp\/v2\/posts\/285368\/revisions"}],"predecessor-version":[{"id":285370,"href":"https:\/\/ami.mr\/fr\/wp-json\/wp\/v2\/posts\/285368\/revisions\/285370"}],"wp:featuredmedia":[{"embeddable":true,"href":"https:\/\/ami.mr\/fr\/wp-json\/wp\/v2\/media\/285369"}],"wp:attachment":[{"href":"https:\/\/ami.mr\/fr\/wp-json\/wp\/v2\/media?parent=285368"}],"wp:term":[{"taxonomy":"category","embeddable":true,"href":"https:\/\/ami.mr\/fr\/wp-json\/wp\/v2\/categories?post=285368"},{"taxonomy":"post_tag","embeddable":true,"href":"https:\/\/ami.mr\/fr\/wp-json\/wp\/v2\/tags?post=285368"}],"curies":[{"name":"wp","href":"https:\/\/api.w.org\/{rel}","templated":true}]}}