{"id":285249,"date":"2025-12-11T13:31:04","date_gmt":"2025-12-11T13:31:04","guid":{"rendered":"https:\/\/ami.mr\/fr\/?p=285249"},"modified":"2025-12-11T14:07:36","modified_gmt":"2025-12-11T14:07:36","slug":"lancement-dun-nouveau-cadre-de-partenariat-entre-la-mauritanie-et-le-groupe-de-la-bm-2026-2030","status":"publish","type":"post","link":"https:\/\/ami.mr\/fr\/archives\/285249","title":{"rendered":"Lancement d&#8217;un nouveau cadre de partenariat entre la Mauritanie et le Groupe de la BM (2026-2030)"},"content":{"rendered":"<p>Le ministre des Affaires \u00c9conomiques et du D\u00e9veloppement, M. Abdallahi Souleymane Cheikh Sidiya, a pr\u00e9sid\u00e9, jeudi \u00e0 Nouakchott, la c\u00e9r\u00e9monie de lancement officiel du Cadre de Partenariat Pays entre la Mauritanie et le Groupe de la Banque mondiale pour la p\u00e9riode 2026-2030, sous le th\u00e8me &#8220;diversification \u00e9conomique pour la croissance et l&#8217;emploi&#8221;.<\/p>\n<p>Ce cadre vise \u00e0 acc\u00e9l\u00e9rer la diversification \u00e9conomique, \u00e0 renforcer la croissance et \u00e0 cr\u00e9er des opportunit\u00e9s d&#8217;emploi plus larges dans le pays.<\/p>\n<p>Il s&#8217;aligne, \u00e9galement, sur la &#8220;Strat\u00e9gie de Croissance Acc\u00e9l\u00e9r\u00e9e et de Prosp\u00e9rit\u00e9 Partag\u00e9e 2016-2030&#8221;, se concentrant sur quatre axes principaux, \u00e0 savoir la cr\u00e9ation de davantage d&#8217;emplois de qualit\u00e9, le renforcement des institutions, la connexion des r\u00e9gions et le renforcement de la r\u00e9silience.<\/p>\n<p>Dans son discours \u00e0 cette occasion, le ministre des Affaires \u00c9conomiques et du D\u00e9veloppement a salu\u00e9 ce nouveau cadre de coop\u00e9ration, soulignant que \u2018\u2019ce document-cadre du nouveau partenariat entre le gouvernement mauritanien et le Groupe de la Banque mondiale pour la p\u00e9riode 2026-2030 constitue une \u00e9tape importante dans le processus de coop\u00e9ration fructueuse, et incarne la vision commune visant \u00e0 diversifier l&#8217;\u00e9conomie, \u00e0 cr\u00e9er des emplois et \u00e0 promouvoir une croissance inclusive\u2019\u2019.<\/p>\n<p>Il a ajout\u00e9 que \u2018\u2019ce cadre ne se limite pas \u00e0 soutenir la transformation structurelle de l&#8217;\u00e9conomie, mais place au c\u0153ur de ses priorit\u00e9s l&#8217;autonomisation des jeunes et des femmes, l&#8217;am\u00e9lioration de la qualit\u00e9 des services de base et l&#8217;augmentation de l&#8217;efficacit\u00e9 des d\u00e9penses publiques, contribuant ainsi \u00e0 la construction d&#8217;une soci\u00e9t\u00e9 plus juste et plus stable\u2019\u2019.<\/p>\n<p>M. le ministre a salu\u00e9 le soutien continu du Groupe de la Banque mondiale aux programmes et projets de d\u00e9veloppement, affirmant la d\u00e9termination \u00e0 travailler main dans la main pour atteindre les objectifs ambitieux qui ont \u00e9t\u00e9 d\u00e9finis conjointement, soulignant que \u2018\u2019la prochaine \u00e9tape exige de redoubler d&#8217;efforts pour renforcer le r\u00f4le du secteur priv\u00e9 en tant que v\u00e9ritable moteur de cr\u00e9ation de richesse et d&#8217;emplois, capitalisant sur les acquis, tout en abordant les d\u00e9fis socio-\u00e9conomiques de mani\u00e8re globale et durable afin d&#8217;assurer un avenir meilleur pour les g\u00e9n\u00e9rations futures\u2019\u2019.<\/p>\n<p>De son c\u00f4t\u00e9, la directrice g\u00e9n\u00e9rale des op\u00e9rations du Groupe de la Banque mondiale, Mme Anna Bjerde, a soulign\u00e9 que \u2018\u2019ce cadre, intitul\u00e9 &#8220;diversification \u00e9conomique pour la croissance et l&#8217;emploi&#8221;, incarne l&#8217;ambition commune et vise \u00e0 soutenir la transition de la Mauritanie vers une \u00e9conomie plus diversifi\u00e9e ax\u00e9e sur la cr\u00e9ation d&#8217;emplois\u2019\u2019.<\/p>\n<p>Elle a exprim\u00e9 sa profonde gratitude au gouvernement mauritanien pour le partenariat \u00e9troit et constructif qui a permis la r\u00e9alisation de ce cadre, parfaitement align\u00e9 sur la Strat\u00e9gie Nationale de Croissance Acc\u00e9l\u00e9r\u00e9e et de Prosp\u00e9rit\u00e9 Partag\u00e9e (2016-2030), guid\u00e9 par des priorit\u00e9s claires et une forte s\u00e9lectivit\u00e9.<\/p>\n<p>\u00c0 son tour, le vice-pr\u00e9sident du Groupe de la Banque mondiale pour l&#8217;Afrique de l&#8217;Ouest et du Centre, M. Ousmane Diagana, a dit que \u2018\u2019le nouveau Cadre de Partenariat Pays adopte une vision ambitieuse pour accompagner la transformation structurelle de l&#8217;\u00e9conomie mauritanienne, en se concentrant sur la cr\u00e9ation d&#8217;emplois d\u00e9cents pour les jeunes et les femmes comme priorit\u00e9 centrale\u2019\u2019.<\/p>\n<p>Il a soulign\u00e9 que \u2018\u2019le cadre repose sur le renforcement des institutions, de la gouvernance, la cr\u00e9ation d&#8217;un environnement attractif pour l&#8217;investissement priv\u00e9 et le d\u00e9veloppement des comp\u00e9tences\u2019\u2019, affirmant que le succ\u00e8s de ce plan d\u00e9pend du renforcement de la coop\u00e9ration \u00e9troite entre le gouvernement, le secteur priv\u00e9 et tous les partenaires au d\u00e9veloppement pour parvenir \u00e0 une croissance \u00e9conomique plus prosp\u00e8re et inclusive pour la Mauritanie.<\/p>\n<p>La c\u00e9r\u00e9monie s&#8217;est d\u00e9roul\u00e9e en pr\u00e9sence du ministre de l&#8217;Autonomisation des Jeunes, de l&#8217;Emploi, des Sports et du Service civique, M. Mohamed Abdallahi Ould Louly, du ministre de l\u2019Elevage, M. Sid\u2019Ahmed Ould Mohamed, du secr\u00e9taire g\u00e9n\u00e9ral du minist\u00e8re des Affaires \u00c9conomiques et du D\u00e9veloppement, au c\u00f4t\u00e9 de plusieurs cadres des d\u00e9partements concern\u00e9s, et des responsables du Groupe de la Banque mondiale.<\/p>\n<p><img decoding=\"async\" class=\"alignnone wp-image-285256\" src=\"https:\/\/ami.mr\/fr\/wp-content\/uploads\/2025\/12\/M-A-E-25-300x134.jpg\" alt=\"\" width=\"806\" height=\"360\" srcset=\"https:\/\/ami.mr\/fr\/wp-content\/uploads\/2025\/12\/M-A-E-25-300x134.jpg 300w, https:\/\/ami.mr\/fr\/wp-content\/uploads\/2025\/12\/M-A-E-25-768x343.jpg 768w, https:\/\/ami.mr\/fr\/wp-content\/uploads\/2025\/12\/M-A-E-25.jpg 800w\" sizes=\"(max-width: 806px) 100vw, 806px\" \/><\/p>\n","protected":false},"excerpt":{"rendered":"<p>Le ministre des Affaires \u00c9conomiques et du D\u00e9veloppement, M. Abdallahi Souleymane Cheikh Sidiya, a pr\u00e9sid\u00e9, jeudi \u00e0 Nouakchott, la c\u00e9r\u00e9monie de lancement officiel du Cadre de Partenariat Pays entre la Mauritanie et le Groupe de la Banque mondiale pour la p\u00e9riode 2026-2030, sous le th\u00e8me &#8220;diversification \u00e9conomique pour la croissance et l&#8217;emploi&#8221;. Ce cadre vise [&hellip;]<\/p>\n","protected":false},"author":18,"featured_media":285255,"comment_status":"open","ping_status":"open","sticky":false,"template":"","format":"standard","meta":{"footnotes":""},"categories":[63920,63919,9,63957,63922],"tags":[],"class_list":["post-285249","post","type-post","status-publish","format-standard","has-post-thumbnail","hentry","category-a-la-une","category-choix-du-redacteur","category-9","category-fil-dactualite","category-slider-economie"],"_links":{"self":[{"href":"https:\/\/ami.mr\/fr\/wp-json\/wp\/v2\/posts\/285249","targetHints":{"allow":["GET"]}}],"collection":[{"href":"https:\/\/ami.mr\/fr\/wp-json\/wp\/v2\/posts"}],"about":[{"href":"https:\/\/ami.mr\/fr\/wp-json\/wp\/v2\/types\/post"}],"author":[{"embeddable":true,"href":"https:\/\/ami.mr\/fr\/wp-json\/wp\/v2\/users\/18"}],"replies":[{"embeddable":true,"href":"https:\/\/ami.mr\/fr\/wp-json\/wp\/v2\/comments?post=285249"}],"version-history":[{"count":3,"href":"https:\/\/ami.mr\/fr\/wp-json\/wp\/v2\/posts\/285249\/revisions"}],"predecessor-version":[{"id":285258,"href":"https:\/\/ami.mr\/fr\/wp-json\/wp\/v2\/posts\/285249\/revisions\/285258"}],"wp:featuredmedia":[{"embeddable":true,"href":"https:\/\/ami.mr\/fr\/wp-json\/wp\/v2\/media\/285255"}],"wp:attachment":[{"href":"https:\/\/ami.mr\/fr\/wp-json\/wp\/v2\/media?parent=285249"}],"wp:term":[{"taxonomy":"category","embeddable":true,"href":"https:\/\/ami.mr\/fr\/wp-json\/wp\/v2\/categories?post=285249"},{"taxonomy":"post_tag","embeddable":true,"href":"https:\/\/ami.mr\/fr\/wp-json\/wp\/v2\/tags?post=285249"}],"curies":[{"name":"wp","href":"https:\/\/api.w.org\/{rel}","templated":true}]}}