{"id":285219,"date":"2025-12-10T20:58:56","date_gmt":"2025-12-10T20:58:56","guid":{"rendered":"https:\/\/ami.mr\/fr\/?p=285219"},"modified":"2025-12-10T20:58:56","modified_gmt":"2025-12-10T20:58:56","slug":"le-conseil-des-ministres-approuve-une-declaration-relative-a-la-mise-en-place-du-cadre-local-de-concertation-des-jeunes-visant-a-les-impliquer-dans-la-definition-des-priorites-de-developpement-et-de","status":"publish","type":"post","link":"https:\/\/ami.mr\/fr\/archives\/285219","title":{"rendered":"Le Conseil des ministres approuve une d\u00e9claration relative \u00e0 la mise en place du cadre local de concertation des jeunes, visant \u00e0 les impliquer dans la d\u00e9finition des priorit\u00e9s de d\u00e9veloppement et de la gouvernance locale"},"content":{"rendered":"<p>Le Conseil des Ministres s&#8217;est r\u00e9uni le Mercredi 10 d\u00e9cembre 2025, sous la Pr\u00e9sidence de Son Excellence Monsieur Mohamed OULD CHEIKH EL-GHAZOUANI, Pr\u00e9sident de la R\u00e9publique.<\/p>\n<p>Le Conseil a examin\u00e9 et adopt\u00e9 les projets de textes suivants :<\/p>\n<p>\u2010 Le Conseil a examin\u00e9 et approuv\u00e9 un projet de loi autorisant la ratification du protocole financier, sign\u00e9 le 31 octobre 2025, entre le Gouvernement de la R\u00e9publique Islamique de Mauritanie et le Gouvernement de la R\u00e9publique Fran\u00e7aise, destin\u00e9 \u00e0 la contribution au financement du projet de construction de 10 centrales solaires avec stockage.<\/p>\n<p>Le pr\u00e9sent projet de loi vise \u00e0 r\u00e9duire les disparit\u00e9s d\u2019acc\u00e8s \u00e0 l\u2019\u00e9lectricit\u00e9 entre les milieux urbain et rural, \u00e0 contribuer \u00e0 la lutte contre la pauvret\u00e9 et l\u2019exode rural et \u00e0 favoriser l\u2019acc\u00e8s aux services de base (communication, sant\u00e9, \u00e9ducation).<\/p>\n<p>Le projet vise \u00e9galement \u00e0 hybrider dix (10) centrales thermiques isol\u00e9es existantes en y ajoutant des centrales solaires photovolta\u00efques dot\u00e9es de syst\u00e8mes de stockage par batteries (BESS). Ces installations seront pilot\u00e9es par un syst\u00e8me de gestion centralis\u00e9 via la fibre optique. L\u2019objectif est de r\u00e9duire la consommation de diesel et d\u2019am\u00e9liorer la qualit\u00e9 et la continuit\u00e9 de l\u2019alimentation \u00e9lectrique dans les r\u00e9seaux autonomes de l\u2019int\u00e9rieur du pays.<\/p>\n<p>Les Zones b\u00e9n\u00e9ficiaires du projet concerne plusieurs r\u00e9seaux autonomes de l\u2019int\u00e9rieur, notamment les villes de Boumdeid, Nouamghar, El Ghayra, Chinguetti, Aoujeft, Moudjeria, Ouadane, Tamchekett, Tidjikja et Walata. Il permettra d\u2019am\u00e9liorer l\u2019alimentation \u00e9lectrique des m\u00e9nages, des services publics (\u00e9coles, centres de sant\u00e9) et de soutenir les petites activit\u00e9s \u00e9conomiques.<\/p>\n<p>Le pr\u00e9sent pr\u00eat porte sur un montant de trente-neuf millions deux cent vingt-trois mille six cent soixante et onze (39 223 671) Euros, soit l\u2019\u00e9quivalent de 1 817 000 000 MRU. Il sera remboursable sur une p\u00e9riode de 25 ans dont 10 ans de diff\u00e9r\u00e9, avec un taux d\u2019int\u00e9r\u00eat de 0,216% par an.<\/p>\n<p>&#8211; Projet de d\u00e9cret r\u00e8glementant le travail de nuit des femmes et des enfants de moins de dix-huit (18) ans et d\u00e9finissant la liste des travaux concern\u00e9s.<\/p>\n<p>Compte tenu des sp\u00e9cificit\u00e9s du contexte social et professionnel de notre pays, le projet de d\u00e9cret, apr\u00e8s avis du Conseil National du Travail, de l\u2019Emploi et de la S\u00e9curit\u00e9 Sociale, propose une liste des travaux dont la sp\u00e9cialit\u00e9 fait que les femmes et les enfants concern\u00e9s, ne peuvent plus exercer d\u2019activit\u00e9s professionnelles entre 22 heures et cinq heures du matin en ce qui concerne la premi\u00e8re cat\u00e9gorie et vingt-deux heures et six heures du matin pour ce qui est de la deuxi\u00e8me.<\/p>\n<p>C\u2019est ainsi que les activit\u00e9s ci-apr\u00e8s sont, d\u00e9sormais, r\u00e9glement\u00e9es :<\/p>\n<p>&#8211; Les activit\u00e9s en milieu de mer, y compris dans les chantiers navals.<\/p>\n<p>&#8211; Les b\u00e2timents et les travaux publics.<\/p>\n<p>&#8211; Le transport public terrestre.<\/p>\n<p>&#8211; La manipulation des grues portuaires.<\/p>\n<p>&#8211; Les industries agropastorales \u00e0 caract\u00e8re p\u00e9nible.<\/p>\n<p>Au-del\u00e0 de l\u2019\u00e9tablissement de cette liste, le projet de d\u00e9cret donne la possibilit\u00e9 d\u2019\u00e9largir, en cas de n\u00e9cessit\u00e9, la liste des travaux concern\u00e9s par un Arr\u00eat\u00e9 du Ministre charg\u00e9 du Travail.<\/p>\n<p>&#8211; Projet de d\u00e9cret portant concession provisoire d\u2019un terrain \u00e0 Nouakchott Ouest, Moughataa de Tevragh Zeina au profit de la Conf\u00e9rence Africaine pour le Paix.<\/p>\n<p>L\u2019attribution d\u2019un terrain de 12 hectares dans la zone de \u00ab Tamarguit \u00bb \u00e0 Nouakchott \u00e0 la Conf\u00e9rence africaine pour la paix vise \u00e0 y construire un complexe culturel, social et touristique, le premier du genre en Mauritanie. Ce projet pr\u00e9voit la cr\u00e9ation d\u2019un \u00e9quipement multifonctionnel et polyvalent, comprenant :<\/p>\n<p>&#8211; Une librairie internationale, d\u00e9di\u00e9e \u00e0 la diffusion du savoir et \u00e0 l\u2019\u00e9change interculturel ;<\/p>\n<p>&#8211; Une mosqu\u00e9e de grande capacit\u00e9, servant \u00e0 la fois de lieu de culte et de centre spirituel ;<\/p>\n<p>&#8211; Un parc d\u2019attractions et de repos, destin\u00e9 aux familles, aux enfants et aux touristes ;<\/p>\n<p>&#8211; Des espaces de rencontre et d\u2019hospitalit\u00e9, con\u00e7us dans une approche harmonieuse et durable.<\/p>\n<p>&#8211; Projet de d\u00e9cret portant concession provisoire d\u2019un terrain \u00e0 Nouakchott Ouest, Moughataa de Tevragh Zeina au profit de la Soci\u00e9t\u00e9 FASQ.<\/p>\n<p>L\u2019objectif de la cession de ce terrain est la cr\u00e9ation d\u2019un complexe touristique haut de gamme comprenant cent vingt (120) chambres, ainsi que 40 tentes modernes en b\u00e9ton arm\u00e9 qui offriront aux visiteurs une exp\u00e9rience innovante alliant confort et nature. Le complexe comprendra \u00e9galement 4 grands restaurants, 4 piscines (soit 2 par site) et 2 parcs de jeux pour renforcer l\u2019attractivit\u00e9 du site et r\u00e9pondre aux besoins des familles.<\/p>\n<p>L\u2019investissement global pour la r\u00e9alisation de ce projet est estim\u00e9 \u00e0 20 millions de dollars. \u00c0 travers cette initiative, la soci\u00e9t\u00e9 FASQ ambitionne de cr\u00e9er environ 150 emplois directs et indirects, contribuant ainsi au d\u00e9veloppement \u00e9conomique local et \u00e0 la dynamisation du secteur touristique.<\/p>\n<p>&#8211; Projet de d\u00e9cret portant concession provisoire d\u2019un terrain \u00e0 Nouakchott Sud, Moughataa d\u2019El Mina au profit de la Soci\u00e9t\u00e9 Al baraka pour le commerce g\u00e9n\u00e9ral et les prestations de service.<\/p>\n<p>Ce terrain d\u2019une superficie d\u20191,2 ha est destin\u00e9 \u00e0 la construction d&#8217;une usine de fabrication de couches pour b\u00e9b\u00e9s. Ce projet apportera de nombreux avantages \u00e9conomiques au pays, notamment la r\u00e9duction des importations, le renforcement du tissu industriel national, l&#8217;am\u00e9lioration de la balance commerciale et l&#8217;augmentation de la valeur ajout\u00e9e locale. De plus, il encouragera l&#8217;investissement priv\u00e9 dans un secteur industriel strat\u00e9gique \u00e9troitement li\u00e9 aux biens essentiels.<\/p>\n<p>Sur le plan social, cette unit\u00e9 de production cr\u00e9era un nombre important d&#8217;emplois directs et indirects.<\/p>\n<p>&#8211; Projet de d\u00e9cret portant nomination de certains administrateurs de la Mauritanienne de consultation et d\u2019Ing\u00e9nierie (MCI) Soci\u00e9t\u00e9 Mixte.<\/p>\n<p>Par ailleurs, \u00e0 la lumi\u00e8re des r\u00e9sultats de la visite de travail effectu\u00e9e par Son Excellence le Pr\u00e9sident de la R\u00e9publique dans la Wilaya de l\u2019Inchiri le jeudi 4 d\u00e9cembre 2025, le Conseil des Ministres adresse ses remerciements et ses vives f\u00e9licitations aux populations de cette wilaya pour leur mobilisation exceptionnelle et l&#8217;accueil chaleureux qu&#8217;ils ont r\u00e9serv\u00e9 \u00e0 Son Excellence le Pr\u00e9sident de la R\u00e9publique et \u00e0 sa d\u00e9l\u00e9gation lors de cette importante visite, au cours de laquelle il a supervis\u00e9 le lancement des travaux du projet de construction de l&#8217;h\u00f4pital r\u00e9gional dans la ville d&#8217;Akjoujt, dans le cadre des activit\u00e9s comm\u00e9morant le 65e anniversaire de notre f\u00eate de l&#8217;Ind\u00e9pendance.<\/p>\n<p>Le Ministre de la Justice, Ministre des Affaires Etrang\u00e8res, de la Coop\u00e9ration Africaine et des Mauritaniens de l\u2019Ext\u00e9rieur par int\u00e9rim, a pr\u00e9sent\u00e9 une communication relative \u00e0 la situation internationale.<\/p>\n<p>Le Ministre D\u00e9l\u00e9gu\u00e9 aupr\u00e8s du Ministre de l\u2019Int\u00e9rieur, de la Promotion de la D\u00e9centralisation et du D\u00e9veloppement Local Charg\u00e9 de la D\u00e9centralisation et du D\u00e9veloppement Local, Ministre de l\u2019Int\u00e9rieur, de la Promotion de la D\u00e9centralisation et du D\u00e9veloppement Local par int\u00e9rim, a pr\u00e9sent\u00e9 une communication relative \u00e0 la situation int\u00e9rieure.<\/p>\n<p>Le Ministre de l\u2019autonomisation des Jeunes, de l\u2019Emploi, des Sports et du Service Civique a pr\u00e9sent\u00e9 une communication relative \u00e0 la mise en place du Cadre Territorial de Concertation de la Jeunesse (CTCJ).<\/p>\n<p>Cette communication fait suite au discours de Son Excellence le Pr\u00e9sident de la R\u00e9publique, M. Mohamed Ould Cheikh El Ghazouani, prononc\u00e9 lors de la c\u00e9r\u00e9monie de cl\u00f4ture de la Conf\u00e9rence Nationale de l\u2019Autonomisation des Jeunes, tenue le 22 novembre 2025 et constitue une \u00e9tape marquante dans le processus d\u2019autonomisation des jeunes. Il incarne l\u2019engagement de Son Excellence faisant du mandat en cours, un mandat pour la jeunesse et avec la jeunesse.<\/p>\n<p>En application des hautes d\u00e9cisions prises par Son Excellence, le D\u00e9partement a imm\u00e9diatement entrepris l\u2019\u00e9laboration des dispositifs op\u00e9rationnels relatifs au cadre de concertation, \u00e0 l\u2019emploi, au service civique ainsi qu\u2019aux infrastructures et \u00e9quipements destin\u00e9s \u00e0 la jeunesse et au sport, en commen\u00e7ant par le Cadre Territorial de Consultation de la Jeunesse.<\/p>\n<p>Ce cadre vise \u00e0 impliquer les jeunes dans la d\u00e9finition des priorit\u00e9s de d\u00e9veloppement de leurs localit\u00e9s, \u00e0 promouvoir leur participation \u00e0 la gouvernance locale et \u00e0 renforcer leur int\u00e9gration dans les dynamiques \u00e9conomiques et sociales. Il r\u00e9pond \u00e0 la n\u00e9cessit\u00e9 d\u2019instaurer un dialogue r\u00e9gulier, institutionnel et efficace regroupant les jeunes, les autorit\u00e9s locales et les \u00e9lus.<\/p>\n<p>Ce dispositif permettra l\u2019implication des jeunes dans la prise de d\u00e9cision et les accompagnera dans le d\u00e9veloppement de leurs capacit\u00e9s afin de saisir les opportunit\u00e9s d\u2019emploi g\u00e9n\u00e9r\u00e9es par les projets de d\u00e9veloppement et les potentialit\u00e9s \u00e9conomiques locales. Il contribuera \u00e9galement \u00e0 renforcer leur r\u00f4le en tant qu\u2019acteurs principaux du changement des mentalit\u00e9s et des comportements inappropri\u00e9s, en cultivant l\u2019esprit de responsabilit\u00e9, de s\u00e9rieux et d\u2019engagement.<\/p>\n<p>Le m\u00e9canisme attendu vise sp\u00e9cifiquement \u00e0 :<\/p>\n<p>&#8211; Renforcer la participation citoyenne et l\u2019engagement civique des jeunes dans l\u2019ensemble des communes du pays ;<\/p>\n<p>&#8211; Instituer des espaces formalis\u00e9s de concertation entre jeunes, autorit\u00e9s locales et services d\u00e9concentr\u00e9s ;<\/p>\n<p>&#8211; Identifier les priorit\u00e9s, les aspirations et les probl\u00e9matiques propres aux jeunes dans chaque r\u00e9gion ;<\/p>\n<p>&#8211; Assurer une implication effective des jeunes dans la prise en charge des d\u00e9fis et dans le changement des comportements nuisibles ;<\/p>\n<p>&#8211; Garantir une transmission organis\u00e9e, fiable et r\u00e9guli\u00e8re des propositions locales vers les instances r\u00e9gionales et nationales.<\/p>\n<p>La ministre de l&#8217;\u00c9ducation et de la R\u00e9forme du syst\u00e8me d\u2019Enseignement a pr\u00e9sent\u00e9 une communication orale relative \u00e0 la Journ\u00e9e nationale de l&#8217;\u00e9cole r\u00e9publicaine et le Prix de l&#8217;Excellence du Pr\u00e9sident de la R\u00e9publique. Cette communication vise \u00e0 consolider le caract\u00e8re national de cette c\u00e9l\u00e9bration, \u00e0 renforcer le r\u00f4le de l&#8217;\u00e9cole r\u00e9publicaine dans la formation d&#8217;une g\u00e9n\u00e9ration de citoyens attach\u00e9s aux valeurs nationales, et \u00e0 am\u00e9liorer la performance des enseignants et des encadrants, ce qui aura une r\u00e9percussion positive sur la qualit\u00e9 des acquis des \u00e9l\u00e8ves et leurs r\u00e9sultats scolaires.<\/p>\n<p>En ce qui concerne la Journ\u00e9e nationale de l&#8217;\u00e9cole r\u00e9publicaine, il a \u00e9t\u00e9 d\u00e9cid\u00e9 de la comm\u00e9morer \u00e0 partir de l&#8217;ann\u00e9e 2023 pour incarner les valeurs citoyennes, consolider l&#8217;\u00e9cole r\u00e9publicaine et promouvoir la performance p\u00e9dagogique.<\/p>\n<p>Quant au Prix de l&#8217;Excellence du Pr\u00e9sident de la R\u00e9publique, il s&#8217;agit d&#8217;un prix annuel instaur\u00e9 dans le cadre d&#8217;une s\u00e9rie de mesures r\u00e9formatrices visant \u00e0 doubler la motivation et \u00e0 instaurer un esprit de comp\u00e9tition positive et constructive parmi les \u00e9ducateurs (enseignants et encadrants), avec une enveloppe financi\u00e8re de 250 000 000 anciennes ouguiyas par an.<\/p>\n<p>Dans ce cadre, le nombre de b\u00e9n\u00e9ficiaires pour cette ann\u00e9e a atteint 500 personnes, \u00e0 raison de 500 000 anciennes ouguiyas par b\u00e9n\u00e9ficiaire.<\/p>\n<p>Enfin, le Conseil a pris la mesure individuelle suivante :<\/p>\n<p>Premier Minist\u00e8re<\/p>\n<p>Autorit\u00e9 de Protection des Donn\u00e9es \u00e0 caract\u00e8re Personnel<\/p>\n<p>Secr\u00e9tariat G\u00e9n\u00e9ral<\/p>\n<p>\u2010 Secr\u00e9taire G\u00e9n\u00e9ral : Ba Abdoulaye Mamadou<\/p>\n","protected":false},"excerpt":{"rendered":"<p>Le Conseil des Ministres s&#8217;est r\u00e9uni le Mercredi 10 d\u00e9cembre 2025, sous la Pr\u00e9sidence de Son Excellence Monsieur Mohamed OULD CHEIKH EL-GHAZOUANI, Pr\u00e9sident de la R\u00e9publique. Le Conseil a examin\u00e9 et adopt\u00e9 les projets de textes suivants : \u2010 Le Conseil a examin\u00e9 et approuv\u00e9 un projet de loi autorisant la ratification du protocole financier, [&hellip;]<\/p>\n","protected":false},"author":5,"featured_media":285220,"comment_status":"open","ping_status":"open","sticky":false,"template":"","format":"standard","meta":{"footnotes":""},"categories":[63957,63959,63921,63927],"tags":[],"class_list":["post-285219","post","type-post","status-publish","format-standard","has-post-thumbnail","hentry","category-fil-dactualite","category-mauritanie","category-slider-afficher","category-slider-mauritanie"],"_links":{"self":[{"href":"https:\/\/ami.mr\/fr\/wp-json\/wp\/v2\/posts\/285219","targetHints":{"allow":["GET"]}}],"collection":[{"href":"https:\/\/ami.mr\/fr\/wp-json\/wp\/v2\/posts"}],"about":[{"href":"https:\/\/ami.mr\/fr\/wp-json\/wp\/v2\/types\/post"}],"author":[{"embeddable":true,"href":"https:\/\/ami.mr\/fr\/wp-json\/wp\/v2\/users\/5"}],"replies":[{"embeddable":true,"href":"https:\/\/ami.mr\/fr\/wp-json\/wp\/v2\/comments?post=285219"}],"version-history":[{"count":1,"href":"https:\/\/ami.mr\/fr\/wp-json\/wp\/v2\/posts\/285219\/revisions"}],"predecessor-version":[{"id":285221,"href":"https:\/\/ami.mr\/fr\/wp-json\/wp\/v2\/posts\/285219\/revisions\/285221"}],"wp:featuredmedia":[{"embeddable":true,"href":"https:\/\/ami.mr\/fr\/wp-json\/wp\/v2\/media\/285220"}],"wp:attachment":[{"href":"https:\/\/ami.mr\/fr\/wp-json\/wp\/v2\/media?parent=285219"}],"wp:term":[{"taxonomy":"category","embeddable":true,"href":"https:\/\/ami.mr\/fr\/wp-json\/wp\/v2\/categories?post=285219"},{"taxonomy":"post_tag","embeddable":true,"href":"https:\/\/ami.mr\/fr\/wp-json\/wp\/v2\/tags?post=285219"}],"curies":[{"name":"wp","href":"https:\/\/api.w.org\/{rel}","templated":true}]}}