{"id":285058,"date":"2025-12-08T20:03:33","date_gmt":"2025-12-08T20:03:33","guid":{"rendered":"https:\/\/ami.mr\/fr\/?p=285058"},"modified":"2025-12-08T21:56:52","modified_gmt":"2025-12-08T21:56:52","slug":"la-commission-des-finances-de-lassemblee-nationale-discute-du-budget-du-ministere-de-laction-sociale","status":"publish","type":"post","link":"https:\/\/ami.mr\/fr\/archives\/285058","title":{"rendered":"La Commission des finances de l&#8217;Assembl\u00e9e nationale discute du budget du minist\u00e8re de l&#8217;Action sociale"},"content":{"rendered":"<div class=\"row\">La Commission des finances de l&#8217;Assembl\u00e9e nationale a tenu ce lundi soir, au si\u00e8ge de l&#8217;Assembl\u00e9e, une r\u00e9union pr\u00e9sid\u00e9e par le d\u00e9put\u00e9 Aly Mamoudou Kane, pr\u00e9sident de la Commission, pour discuter du budget du minist\u00e8re de l&#8217;Action sociale, de l&#8217;Enfance et de la Famille dans le projet de loi de finances publiques de l&#8217;\u00c9tat pour l&#8217;ann\u00e9e 2026.<\/div>\n<div class=\"row\">\n<div class=\"cell auto-size\">\n<div class=\"set-border bd-gray padding10 margin10 no-margin-right no-margin-left \" dir=\"ltr\">\n<p>Au cours de la r\u00e9union, la Commission a \u00e9cout\u00e9 une pr\u00e9sentation faite par la Ministre de l&#8217;Action sociale, de l&#8217;Enfance et de la Famille, Mme Safiya Mint Ntahah, dans laquelle elle a abord\u00e9 les postes de ce budget et les domaines de sa d\u00e9pense.<\/p>\n<p>Le budget du minist\u00e8re dans le projet de loi susmentionn\u00e9 s&#8217;\u00e9l\u00e8ve \u00e0 1.046.493.385 ouguiyas.<\/p>\n<\/div>\n<\/div>\n<\/div>\n","protected":false},"excerpt":{"rendered":"<p>La Commission des finances de l&#8217;Assembl\u00e9e nationale a tenu ce lundi soir, au si\u00e8ge de l&#8217;Assembl\u00e9e, une r\u00e9union pr\u00e9sid\u00e9e par le d\u00e9put\u00e9 Aly Mamoudou Kane, pr\u00e9sident de la Commission, pour discuter du budget du minist\u00e8re de l&#8217;Action sociale, de l&#8217;Enfance et de la Famille dans le projet de loi de finances publiques de l&#8217;\u00c9tat pour [&hellip;]<\/p>\n","protected":false},"author":8,"featured_media":285059,"comment_status":"open","ping_status":"open","sticky":false,"template":"","format":"standard","meta":{"footnotes":""},"categories":[63918,63957,63959],"tags":[],"class_list":["post-285058","post","type-post","status-publish","format-standard","has-post-thumbnail","hentry","category-autres","category-fil-dactualite","category-mauritanie"],"_links":{"self":[{"href":"https:\/\/ami.mr\/fr\/wp-json\/wp\/v2\/posts\/285058","targetHints":{"allow":["GET"]}}],"collection":[{"href":"https:\/\/ami.mr\/fr\/wp-json\/wp\/v2\/posts"}],"about":[{"href":"https:\/\/ami.mr\/fr\/wp-json\/wp\/v2\/types\/post"}],"author":[{"embeddable":true,"href":"https:\/\/ami.mr\/fr\/wp-json\/wp\/v2\/users\/8"}],"replies":[{"embeddable":true,"href":"https:\/\/ami.mr\/fr\/wp-json\/wp\/v2\/comments?post=285058"}],"version-history":[{"count":2,"href":"https:\/\/ami.mr\/fr\/wp-json\/wp\/v2\/posts\/285058\/revisions"}],"predecessor-version":[{"id":285072,"href":"https:\/\/ami.mr\/fr\/wp-json\/wp\/v2\/posts\/285058\/revisions\/285072"}],"wp:featuredmedia":[{"embeddable":true,"href":"https:\/\/ami.mr\/fr\/wp-json\/wp\/v2\/media\/285059"}],"wp:attachment":[{"href":"https:\/\/ami.mr\/fr\/wp-json\/wp\/v2\/media?parent=285058"}],"wp:term":[{"taxonomy":"category","embeddable":true,"href":"https:\/\/ami.mr\/fr\/wp-json\/wp\/v2\/categories?post=285058"},{"taxonomy":"post_tag","embeddable":true,"href":"https:\/\/ami.mr\/fr\/wp-json\/wp\/v2\/tags?post=285058"}],"curies":[{"name":"wp","href":"https:\/\/api.w.org\/{rel}","templated":true}]}}