{"id":285052,"date":"2025-12-08T17:37:39","date_gmt":"2025-12-08T17:37:39","guid":{"rendered":"https:\/\/ami.mr\/fr\/?p=285052"},"modified":"2025-12-08T22:01:29","modified_gmt":"2025-12-08T22:01:29","slug":"le-ministre-des-affaires-etrangeres-represente-le-president-de-la-republique-aux-travaux-de-la-neuvieme-session-du-congres-panafricain","status":"publish","type":"post","link":"https:\/\/ami.mr\/fr\/archives\/285052","title":{"rendered":"Le ministre des Affaires \u00e9trang\u00e8res repr\u00e9sente le Pr\u00e9sident de la R\u00e9publique aux travaux de la neuvi\u00e8me session du Congr\u00e8s panafricain"},"content":{"rendered":"<div class=\"row\">Le ministre des Affaires \u00e9trang\u00e8res, de la Coop\u00e9ration africaine et des Mauritaniens de l&#8217;Ext\u00e9rieur, M. Mohamed Salem Ould Merzoug, a repr\u00e9sent\u00e9 Son Excellence le Pr\u00e9sident de la R\u00e9publique, Monsieur Mohamed Ould Cheikh El Ghazouani, aux travaux de la neuvi\u00e8me session du Congr\u00e8s panafricain, tenue, lundi \u00e0 Lom\u00e9, capitale togolaise, sous le th\u00e8me : &#8220;renouveler la renaissance africaine et le r\u00f4le de l&#8217;Afrique dans la r\u00e9forme des institutions multilat\u00e9rales : mobilisation des ressources et r\u00e9invention des m\u00e9canismes d&#8217;action&#8221;.<\/div>\n<div class=\"row\">\n<div class=\"cell auto-size\">\n<div class=\"set-border bd-gray padding10 margin10 no-margin-right no-margin-left \" dir=\"ltr\">\n<p>Le Congr\u00e8s vise \u00e0 explorer les perspectives de coop\u00e9ration continentale et \u00e0 renforcer la pr\u00e9sence de l&#8217;Afrique au sein des structures internationales multilat\u00e9rales, discutant des moyens de mobiliser les ressources disponibles et lancer des initiatives pratiques permettant au continent de jouer un r\u00f4le plus influent aux niveaux r\u00e9gional et international.<\/p>\n<\/div>\n<\/div>\n<\/div>\n","protected":false},"excerpt":{"rendered":"<p>Le ministre des Affaires \u00e9trang\u00e8res, de la Coop\u00e9ration africaine et des Mauritaniens de l&#8217;Ext\u00e9rieur, M. Mohamed Salem Ould Merzoug, a repr\u00e9sent\u00e9 Son Excellence le Pr\u00e9sident de la R\u00e9publique, Monsieur Mohamed Ould Cheikh El Ghazouani, aux travaux de la neuvi\u00e8me session du Congr\u00e8s panafricain, tenue, lundi \u00e0 Lom\u00e9, capitale togolaise, sous le th\u00e8me : &#8220;renouveler la [&hellip;]<\/p>\n","protected":false},"author":8,"featured_media":285074,"comment_status":"open","ping_status":"open","sticky":false,"template":"","format":"standard","meta":{"footnotes":""},"categories":[63920,63919,63957,25,63926],"tags":[],"class_list":["post-285052","post","type-post","status-publish","format-standard","has-post-thumbnail","hentry","category-a-la-une","category-choix-du-redacteur","category-fil-dactualite","category-25","category-slider-general"],"_links":{"self":[{"href":"https:\/\/ami.mr\/fr\/wp-json\/wp\/v2\/posts\/285052","targetHints":{"allow":["GET"]}}],"collection":[{"href":"https:\/\/ami.mr\/fr\/wp-json\/wp\/v2\/posts"}],"about":[{"href":"https:\/\/ami.mr\/fr\/wp-json\/wp\/v2\/types\/post"}],"author":[{"embeddable":true,"href":"https:\/\/ami.mr\/fr\/wp-json\/wp\/v2\/users\/8"}],"replies":[{"embeddable":true,"href":"https:\/\/ami.mr\/fr\/wp-json\/wp\/v2\/comments?post=285052"}],"version-history":[{"count":3,"href":"https:\/\/ami.mr\/fr\/wp-json\/wp\/v2\/posts\/285052\/revisions"}],"predecessor-version":[{"id":285075,"href":"https:\/\/ami.mr\/fr\/wp-json\/wp\/v2\/posts\/285052\/revisions\/285075"}],"wp:featuredmedia":[{"embeddable":true,"href":"https:\/\/ami.mr\/fr\/wp-json\/wp\/v2\/media\/285074"}],"wp:attachment":[{"href":"https:\/\/ami.mr\/fr\/wp-json\/wp\/v2\/media?parent=285052"}],"wp:term":[{"taxonomy":"category","embeddable":true,"href":"https:\/\/ami.mr\/fr\/wp-json\/wp\/v2\/categories?post=285052"},{"taxonomy":"post_tag","embeddable":true,"href":"https:\/\/ami.mr\/fr\/wp-json\/wp\/v2\/tags?post=285052"}],"curies":[{"name":"wp","href":"https:\/\/api.w.org\/{rel}","templated":true}]}}