{"id":285014,"date":"2025-12-08T14:34:25","date_gmt":"2025-12-08T14:34:25","guid":{"rendered":"https:\/\/ami.mr\/fr\/?p=285014"},"modified":"2025-12-08T14:34:25","modified_gmt":"2025-12-08T14:34:25","slug":"la-commission-des-finances-de-lassemblee-nationale-examine-le-budget-du-ministere-de-lhabitat-de-lurbanisme-et-de-lamenagement-du-territoire","status":"publish","type":"post","link":"https:\/\/ami.mr\/fr\/archives\/285014","title":{"rendered":"La Commission des Finances de l&#8217;Assembl\u00e9e Nationale examine le budget du minist\u00e8re de l&#8217;Habitat, de l&#8217;Urbanisme et de l&#8217;Am\u00e9nagement du Territoire"},"content":{"rendered":"<div class=\"cell auto-size\">\n<div class=\"set-border bd-gray padding10 margin10 no-margin-right no-margin-left \" dir=\"ltr\">\n<p>La Commission des Finances de l&#8217;Assembl\u00e9e Nationale a examin\u00e9, lors de sa r\u00e9union tenue, lundi matin, pr\u00e9sid\u00e9e par le d\u00e9put\u00e9 Ali Mamoudou Kane, pr\u00e9sident de la commission, le budget du minist\u00e8re de l&#8217;Habitat, de l&#8217;Urbanisme et de l&#8217;Am\u00e9nagement du Territoire, dans le projet de loi de finances publiques de l&#8217;\u00c9tat pour l&#8217;ann\u00e9e 2026.<\/p>\n<p>Au cours de la r\u00e9union, la commission a \u00e9cout\u00e9 une pr\u00e9sentation faite par la ministre de l&#8217;Habitat, de l&#8217;Urbanisme et de l&#8217;Am\u00e9nagement du Territoire, Madame Naha Hamdi Mouknass, dans laquelle elle a abord\u00e9 les postes de ce budget et leurs domaines de d\u00e9pense.<\/p>\n<p>Le budget du minist\u00e8re, dans le projet de loi susmentionn\u00e9, s&#8217;\u00e9l\u00e8ve \u00e0 5.933.518.643 ouguiyas.<\/p>\n<\/div>\n<\/div>\n","protected":false},"excerpt":{"rendered":"<p>La Commission des Finances de l&#8217;Assembl\u00e9e Nationale a examin\u00e9, lors de sa r\u00e9union tenue, lundi matin, pr\u00e9sid\u00e9e par le d\u00e9put\u00e9 Ali Mamoudou Kane, pr\u00e9sident de la commission, le budget du minist\u00e8re de l&#8217;Habitat, de l&#8217;Urbanisme et de l&#8217;Am\u00e9nagement du Territoire, dans le projet de loi de finances publiques de l&#8217;\u00c9tat pour l&#8217;ann\u00e9e 2026. Au cours [&hellip;]<\/p>\n","protected":false},"author":17,"featured_media":285015,"comment_status":"open","ping_status":"open","sticky":false,"template":"","format":"standard","meta":{"footnotes":""},"categories":[63918,63957,63959],"tags":[],"class_list":["post-285014","post","type-post","status-publish","format-standard","has-post-thumbnail","hentry","category-autres","category-fil-dactualite","category-mauritanie"],"_links":{"self":[{"href":"https:\/\/ami.mr\/fr\/wp-json\/wp\/v2\/posts\/285014","targetHints":{"allow":["GET"]}}],"collection":[{"href":"https:\/\/ami.mr\/fr\/wp-json\/wp\/v2\/posts"}],"about":[{"href":"https:\/\/ami.mr\/fr\/wp-json\/wp\/v2\/types\/post"}],"author":[{"embeddable":true,"href":"https:\/\/ami.mr\/fr\/wp-json\/wp\/v2\/users\/17"}],"replies":[{"embeddable":true,"href":"https:\/\/ami.mr\/fr\/wp-json\/wp\/v2\/comments?post=285014"}],"version-history":[{"count":1,"href":"https:\/\/ami.mr\/fr\/wp-json\/wp\/v2\/posts\/285014\/revisions"}],"predecessor-version":[{"id":285016,"href":"https:\/\/ami.mr\/fr\/wp-json\/wp\/v2\/posts\/285014\/revisions\/285016"}],"wp:featuredmedia":[{"embeddable":true,"href":"https:\/\/ami.mr\/fr\/wp-json\/wp\/v2\/media\/285015"}],"wp:attachment":[{"href":"https:\/\/ami.mr\/fr\/wp-json\/wp\/v2\/media?parent=285014"}],"wp:term":[{"taxonomy":"category","embeddable":true,"href":"https:\/\/ami.mr\/fr\/wp-json\/wp\/v2\/categories?post=285014"},{"taxonomy":"post_tag","embeddable":true,"href":"https:\/\/ami.mr\/fr\/wp-json\/wp\/v2\/tags?post=285014"}],"curies":[{"name":"wp","href":"https:\/\/api.w.org\/{rel}","templated":true}]}}