{"id":284997,"date":"2025-12-07T20:54:08","date_gmt":"2025-12-07T20:54:08","guid":{"rendered":"https:\/\/ami.mr\/fr\/?p=284997"},"modified":"2025-12-07T20:54:08","modified_gmt":"2025-12-07T20:54:08","slug":"lancement-de-lextension-des-services-de-la-cnass-au-niveau-de-dakhlet-nouadhibou","status":"publish","type":"post","link":"https:\/\/ami.mr\/fr\/archives\/284997","title":{"rendered":"Lancement de l&#8217;extension des services de la CNASS au niveau de Dakhlet Nouadhibou"},"content":{"rendered":"<div class=\"row\"><\/div>\n<div class=\"row\">\n<div class=\"cell auto-size\">\n<div class=\"set-border bd-gray padding10 margin10 no-margin-right no-margin-left \" dir=\"ltr\">\n<p>Le ministre de la Sant\u00e9, M. Mohamed Mahmoud Ould Ely Mahmoud, et le ministre d\u00e9l\u00e9gu\u00e9 aupr\u00e8s du ministre de l&#8217;Int\u00e9rieur, charg\u00e9 de la Promotion de la D\u00e9centralisation et du D\u00e9veloppement local, M. Yacoub Ould El Salem Vall, ont supervis\u00e9 dimanche, dans les locaux de la r\u00e9gion de Dakhlet Nouadhibou, la signature d&#8217;un accord de partenariat strat\u00e9gique entre la Caisse nationale de solidarit\u00e9 sanitaire \u00ab CNASS \u00bb, le Conseil r\u00e9gional de Dakhlet Nouadhibou, sa commune, l&#8217;h\u00f4pital r\u00e9gional et les \u00e9tablissements de sant\u00e9 primaires de la wilaya.<\/p>\n<p>Ce partenariat vise \u00e0 rapprocher les services d&#8217;assurance maladie des citoyens et \u00e0 am\u00e9liorer la prise en charge des assur\u00e9s, soutenant ainsi la mise en \u0153uvre de la vision de l&#8217;\u00c9tat qui vise \u00e0 \u00e9tendre la couverture sanitaire universelle \u00e0 l&#8217;ensemble du territoire national.<\/p>\n<p>Cette initiative traduit \u00e9galement l&#8217;engagement de la Caisse nationale de solidarit\u00e9 sanitaire \u00e0 renforcer l&#8217;approche r\u00e9gionale en mati\u00e8re de protection sociale en unissant ses efforts \u00e0 ceux des autorit\u00e9s locales, des administrations sanitaires et des instances \u00e9lues afin de garantir des services de sant\u00e9 \u00e9quitables, efficaces et proches des b\u00e9n\u00e9ficiaires.<\/p>\n<p>Dans son discours d&#8217;ouverture, le ministre de la Sant\u00e9 a expliqu\u00e9 que cette mesure constitue une \u00e9tape fondamentale dans la mise en \u0153uvre de la vision de Son Excellence le Pr\u00e9sident de la R\u00e9publique, M. Mohamed Ould Cheikh El Ghazouani, fond\u00e9e sur l&#8217;\u00e9quit\u00e9, la justice sociale et le rapprochement des services de sant\u00e9 des citoyens.<\/p>\n<p>Il a soulign\u00e9 que le renforcement de la protection sociale et l&#8217;\u00e9largissement de la couverture sanitaire sont des piliers essentiels du programme communautaire du Pr\u00e9sident de la R\u00e9publique \u00ab Mon ambition pour la patrie \u00bb. Il a ajout\u00e9 que l&#8217;extension des services de la CNASS \u00e0 la wilaya de Dakhlet Nouadhibou marque le d\u00e9but de la mise en place d&#8217;un filet de s\u00e9curit\u00e9 sociale garantissant la protection des familles vuln\u00e9rables, des travailleurs du secteur informel, des personnes ayant des besoins sp\u00e9cifiques et d&#8217;autres cat\u00e9gories qui \u00e9taient jusqu&#8217;\u00e0 pr\u00e9sent exclues du syst\u00e8me d&#8217;assurance.<\/p>\n<p>Il a soulign\u00e9 que cette extension s&#8217;inscrit dans le cadre de la d\u00e9centralisation sanitaire et intervient \u00e0 un moment o\u00f9 le nombre d&#8217;assur\u00e9s a doubl\u00e9 ces derni\u00e8res ann\u00e9es gr\u00e2ce aux r\u00e9formes fondamentales mises en \u0153uvre par le gouvernement conform\u00e9ment aux directives de Son Excellence le Pr\u00e9sident de la R\u00e9publique.<\/p>\n<p>Le ministre de la Sant\u00e9 a affirm\u00e9 que le minist\u00e8re s&#8217;efforce de renforcer l&#8217;offre de soins de sant\u00e9 dans les diff\u00e9rentes wilayas du pays gr\u00e2ce \u00e0 des projets structurels majeurs qui entra\u00eeneront une transformation qualitative du niveau des services de sant\u00e9.<\/p>\n<p>Pour sa part, le ministre d\u00e9l\u00e9gu\u00e9 aupr\u00e8s du ministre de l&#8217;Int\u00e9rieur, charg\u00e9 de la Promotion de la D\u00e9centralisation et du D\u00e9veloppement local, a soulign\u00e9 que ce projet prometteur b\u00e9n\u00e9ficie d&#8217;une attention particuli\u00e8re de la part du Pr\u00e9sident de la R\u00e9publique et est mis en \u0153uvre directement par le gouvernement, pr\u00e9cisant que ce projet, qui s&#8217;inscrit dans le cadre de la g\u00e9n\u00e9ralisation de l&#8217;assurance maladie universelle, l&#8217;un des objectifs strat\u00e9giques de l&#8217;\u00c9tat \u00e0 l&#8217;horizon 2030 , vise \u00e0 soutenir les cat\u00e9gories vuln\u00e9rables et les travailleurs du secteur informel et \u00e0 \u00e9largir le champ de la protection sociale.<\/p>\n<p>Il a pr\u00e9cis\u00e9 que le secteur de l&#8217;int\u00e9rieur, de la d\u00e9centralisation et du d\u00e9veloppement local et le minist\u00e8re d\u00e9l\u00e9gu\u00e9, en coordination avec les autorit\u00e9s administratives, les \u00e9lus locaux, le minist\u00e8re de la Sant\u00e9 et la CNASS, veillent \u00e0 permettre aux \u00e9lus locaux, aux employ\u00e9s des municipalit\u00e9s et des agences, \u00e0 tous les travailleurs des collectivit\u00e9s territoriales et \u00e0 leurs familles de b\u00e9n\u00e9ficier des services de cette assurance, qui constitue un acquis important et une mesure d&#8217;\u00e9quit\u00e9 pour une cat\u00e9gorie qui repr\u00e9sente l&#8217;\u00e9pine dorsale de la gestion des affaires locales.<\/p>\n<p>Il a ajout\u00e9 que cette op\u00e9ration s&#8217;inscrit \u00e9galement dans le cadre de la politique de d\u00e9centralisation men\u00e9e par l&#8217;\u00c9tat, qui consid\u00e8re les collectivit\u00e9s territoriales comme des partenaires essentiels dans la mise en \u0153uvre des politiques publiques et dans la proximit\u00e9 des services aux citoyens, notamment les services de sant\u00e9 et de protection sociale.<\/p>\n<p>Pour sa part, la directrice g\u00e9n\u00e9rale de la CNASS, Mme Amal Cheikh Abdallahi, s&#8217;est r\u00e9jouie du lancement des op\u00e9rations d&#8217;adh\u00e9sion dans la wilaya de Dakhlet Nouadhibou, gr\u00e2ce \u00e0 la signature d&#8217;accords de partenariat entre la Caisse, la wilaya de Dakhlet Nouadhibou, les municipalit\u00e9s de Nouadhibou, l&#8217;administration r\u00e9gionale de la sant\u00e9, l&#8217;h\u00f4pital r\u00e9gional et les \u00e9tablissements de sant\u00e9 primaires de la wilaya.<\/p>\n<p>Elle a pr\u00e9cis\u00e9 que la Caisse n&#8217;est pas une simple institution administrative, mais qu&#8217;elle a \u00e9t\u00e9 cr\u00e9\u00e9e pour promouvoir l&#8217;\u00e9quit\u00e9 dans l&#8217;acc\u00e8s aux services de sant\u00e9.<\/p>\n<p>Et de souligner que jusqu&#8217;en 2023, l&#8217;acc\u00e8s \u00e0 l&#8217;assurance maladie \u00e9tait r\u00e9serv\u00e9 aux travailleurs du secteur formel, alors que plus de 70 % des citoyens travaillent dans le secteur informel \u00e9taient ignor\u00e9s.<\/p>\n<p>Pour rem\u00e9dier \u00e0 cette situation, la directrice g\u00e9n\u00e9rale de la CNASS ajoute que le Pr\u00e9sident de la R\u00e9publique, M. Mohamed Ould Cheikh El Ghazouani, a d\u00e9cid\u00e9 de cr\u00e9er une assurance maladie universelle afin qu&#8217;aucun citoyen ne soit exclu du syst\u00e8me de sant\u00e9 et que chaque citoyen puisse b\u00e9n\u00e9ficier de soins en fonction de ses besoins et non de ses moyens.<\/p>\n<p>Elle a soulign\u00e9 que la CNASS avait adopt\u00e9 la transformation num\u00e9rique comme un choix strat\u00e9gique et n\u00e9cessaire pour garantir la transparence, la rapidit\u00e9, l&#8217;efficacit\u00e9 et la confiance gr\u00e2ce au syst\u00e8me informatique de la Caisse qui fournit des donn\u00e9es pr\u00e9cises sur le nombre d&#8217;assur\u00e9s, leur localisation, leur \u00e2ge, les traitements qu&#8217;ils ont re\u00e7us et les \u00e9tablissements de sant\u00e9 auxquels ils ont eu recours.<\/p>\n<p>L&#8217;adh\u00e9sion et le renouvellement de l&#8217;assurance sont d\u00e9sormais possibles \u00e0 distance, sans avoir \u00e0 se d\u00e9placer.<\/p>\n<p>\u00c0 leur tour, le premier vice-pr\u00e9sident du conseil r\u00e9gional, M. Mohamed Yella Ould Abdessalam, et le maire de la commune de Nouadhibou, le d\u00e9put\u00e9 El Ghassem Ould Bellali, ont soulign\u00e9 l&#8217;importance du lancement des activit\u00e9s de la Caisse \u00e0 Nouadhibou, qui constitue une nouvelle \u00e9tape dans l&#8217;am\u00e9lioration des conditions de vie de la population, en particulier des travailleurs et des groupes vuln\u00e9rables, soulignant que l&#8217;acc\u00e8s des citoyens \u00e0 des services de sant\u00e9 efficaces reste l&#8217;un des piliers les plus importants du d\u00e9veloppement et un fondement essentiel de la justice sociale.<\/p>\n<p>Pour sa part, le chef du service de coop\u00e9ration de la d\u00e9l\u00e9gation de l&#8217;Union europ\u00e9enne dans notre pays, M. Wim Vandebroocke, a r\u00e9affirm\u00e9 l&#8217;engagement de l&#8217;Union europ\u00e9enne \u00e0 accompagner la Cnass dans ce projet ambitieux et fondamental, saluant le soutien financier apport\u00e9 par le gouvernement \u00e0 la Caisse afin d&#8217;assurer sa p\u00e9rennit\u00e9 et d&#8217;\u00e9largir ses interventions.<\/p>\n<p>Il convient de noter que l&#8217;ensemble des soins propos\u00e9s aux titulaires de la carte de la CNASS comprend les consultations m\u00e9dicales, les analyses de laboratoire, les radiographies, les m\u00e9dicaments, les interventions chirurgicales g\u00e9n\u00e9rales, les services d&#8217;hospitalisation, etc., ainsi que d&#8217;autres services de base qui r\u00e9pondent \u00e0 plus de 90 % des besoins des assur\u00e9s.<\/p>\n<p>L&#8217;accord de partenariat a \u00e9t\u00e9 sign\u00e9 en pr\u00e9sence du wali mou\u00e7aid de Dakhlet Nouadhibou, wali par int\u00e9rim, M. Mohamed Abdelwahab Ould Mohamed Vadel, du pr\u00e9sident de la zone franche de Nouadhibou, M. Diagana Issaga, du hakem de la moughataa de Nouadhibou, du directeur g\u00e9n\u00e9ral du port de la Baie du Repos, de chefs de services r\u00e9gionaux et des directeurs des \u00e9tablissements de sant\u00e9 de Nouadhibou.<\/p>\n<\/div>\n<\/div>\n<\/div>\n","protected":false},"excerpt":{"rendered":"<p>Le ministre de la Sant\u00e9, M. Mohamed Mahmoud Ould Ely Mahmoud, et le ministre d\u00e9l\u00e9gu\u00e9 aupr\u00e8s du ministre de l&#8217;Int\u00e9rieur, charg\u00e9 de la Promotion de la D\u00e9centralisation et du D\u00e9veloppement local, M. Yacoub Ould El Salem Vall, ont supervis\u00e9 dimanche, dans les locaux de la r\u00e9gion de Dakhlet Nouadhibou, la signature d&#8217;un accord de partenariat [&hellip;]<\/p>\n","protected":false},"author":8,"featured_media":284999,"comment_status":"open","ping_status":"open","sticky":false,"template":"","format":"standard","meta":{"footnotes":""},"categories":[63918,63957],"tags":[],"class_list":["post-284997","post","type-post","status-publish","format-standard","has-post-thumbnail","hentry","category-autres","category-fil-dactualite"],"_links":{"self":[{"href":"https:\/\/ami.mr\/fr\/wp-json\/wp\/v2\/posts\/284997","targetHints":{"allow":["GET"]}}],"collection":[{"href":"https:\/\/ami.mr\/fr\/wp-json\/wp\/v2\/posts"}],"about":[{"href":"https:\/\/ami.mr\/fr\/wp-json\/wp\/v2\/types\/post"}],"author":[{"embeddable":true,"href":"https:\/\/ami.mr\/fr\/wp-json\/wp\/v2\/users\/8"}],"replies":[{"embeddable":true,"href":"https:\/\/ami.mr\/fr\/wp-json\/wp\/v2\/comments?post=284997"}],"version-history":[{"count":1,"href":"https:\/\/ami.mr\/fr\/wp-json\/wp\/v2\/posts\/284997\/revisions"}],"predecessor-version":[{"id":285000,"href":"https:\/\/ami.mr\/fr\/wp-json\/wp\/v2\/posts\/284997\/revisions\/285000"}],"wp:featuredmedia":[{"embeddable":true,"href":"https:\/\/ami.mr\/fr\/wp-json\/wp\/v2\/media\/284999"}],"wp:attachment":[{"href":"https:\/\/ami.mr\/fr\/wp-json\/wp\/v2\/media?parent=284997"}],"wp:term":[{"taxonomy":"category","embeddable":true,"href":"https:\/\/ami.mr\/fr\/wp-json\/wp\/v2\/categories?post=284997"},{"taxonomy":"post_tag","embeddable":true,"href":"https:\/\/ami.mr\/fr\/wp-json\/wp\/v2\/tags?post=284997"}],"curies":[{"name":"wp","href":"https:\/\/api.w.org\/{rel}","templated":true}]}}