{"id":284829,"date":"2025-12-04T21:36:54","date_gmt":"2025-12-04T21:36:54","guid":{"rendered":"https:\/\/ami.mr\/fr\/?p=284829"},"modified":"2025-12-04T21:36:54","modified_gmt":"2025-12-04T21:36:54","slug":"limam-de-la-mosquee-du-prophete-effectue-une-visite-au-siege-de-la-radio-du-saint-coran-et-de-la-chaine-la-mahadra","status":"publish","type":"post","link":"https:\/\/ami.mr\/fr\/archives\/284829","title":{"rendered":"L&#8217;imam de la Mosqu\u00e9e du Proph\u00e8te effectue une visite au si\u00e8ge de la Radio du Saint Coran et de la cha\u00eene la Mahadra"},"content":{"rendered":"<p style=\"box-sizing: border-box;border-collapse: collapse;color: #000000;font-family: 'Segoe UI', 'Open Sans', sans-serif, serif;font-size: 16.8px\">L&#8217;imam de la Mosqu\u00e9e du Proph\u00e8te (PSL), Ahmed bin Ali Al-Hudhaifi, a effectu\u00e9, ce jeudi, une visite au si\u00e8ge de la Radio du Saint Coran et de la cha\u00eene la Mahadra au sein de Radio Mauritanie, dans le cadre de sa visite actuelle en Mauritanie.<\/p>\n<p style=\"box-sizing: border-box;border-collapse: collapse;color: #000000;font-family: 'Segoe UI', 'Open Sans', sans-serif, serif;font-size: 16.8px\">\n<p style=\"box-sizing: border-box;border-collapse: collapse;color: #000000;font-family: 'Segoe UI', 'Open Sans', sans-serif, serif;font-size: 16.8px\">\n<p style=\"box-sizing: border-box;border-collapse: collapse;color: #000000;font-family: 'Segoe UI', 'Open Sans', sans-serif, serif;font-size: 16.8px\">\n<p style=\"box-sizing: border-box;border-collapse: collapse;color: #000000;font-family: 'Segoe UI', 'Open Sans', sans-serif, serif;font-size: 16.8px\">\n<p style=\"box-sizing: border-box;border-collapse: collapse;color: #000000;font-family: 'Segoe UI', 'Open Sans', sans-serif, serif;font-size: 16.8px\">\n<p style=\"box-sizing: border-box;border-collapse: collapse;color: #000000;font-family: 'Segoe UI', 'Open Sans', sans-serif, serif;font-size: 16.8px\">Dans son discours \u00e0 cette occasion, le directeur g\u00e9n\u00e9ral de Radio Mauritanie, M. Mohamed Abdel Kader Ould Elada, a d\u00e9clar\u00e9 que la terre de Chinguetti, terre de ribat, de la tablette et du calame, restera le lien \u00e9tendu et le d\u00e9sir ardent pour ces terres et ces lieux saints et b\u00e9nis, soulignant que la Radio Mauritanienne est la voix de la nation et la m\u00e9moire la plus r\u00e9pandue de la nation \u00e0 travers ses cha\u00eenes sp\u00e9cialis\u00e9es et ses m\u00e9dias multiples.<\/p>\n<p style=\"box-sizing: border-box;border-collapse: collapse;color: #000000;font-family: 'Segoe UI', 'Open Sans', sans-serif, serif;font-size: 16.8px\">\n<p style=\"box-sizing: border-box;border-collapse: collapse;color: #000000;font-family: 'Segoe UI', 'Open Sans', sans-serif, serif;font-size: 16.8px\">\n<p style=\"box-sizing: border-box;border-collapse: collapse;color: #000000;font-family: 'Segoe UI', 'Open Sans', sans-serif, serif;font-size: 16.8px\">\n<p style=\"box-sizing: border-box;border-collapse: collapse;color: #000000;font-family: 'Segoe UI', 'Open Sans', sans-serif, serif;font-size: 16.8px\">\n<p style=\"box-sizing: border-box;border-collapse: collapse;color: #000000;font-family: 'Segoe UI', 'Open Sans', sans-serif, serif;font-size: 16.8px\">\n<p style=\"box-sizing: border-box;border-collapse: collapse;color: #000000;font-family: 'Segoe UI', 'Open Sans', sans-serif, serif;font-size: 16.8px\">Il a expliqu\u00e9 que le r\u00e9seau de la Radio Mauritanienne comprend plus de trente stations de radio dans diff\u00e9rentes r\u00e9gions de Mauritanie, soulignant que la Radio du Saint Coran et la cha\u00eene Al-Mahdhara sont les ailes d&#8217;un oiseau qui plane dans le ciel de la science et de la connaissance, guidant vers le droit chemin sans exc\u00e8s ni n\u00e9gligence.<\/p>\n<p style=\"box-sizing: border-box;border-collapse: collapse;color: #000000;font-family: 'Segoe UI', 'Open Sans', sans-serif, serif;font-size: 16.8px\">\n<p style=\"box-sizing: border-box;border-collapse: collapse;color: #000000;font-family: 'Segoe UI', 'Open Sans', sans-serif, serif;font-size: 16.8px\">\n<p style=\"box-sizing: border-box;border-collapse: collapse;color: #000000;font-family: 'Segoe UI', 'Open Sans', sans-serif, serif;font-size: 16.8px\">\n<p style=\"box-sizing: border-box;border-collapse: collapse;color: #000000;font-family: 'Segoe UI', 'Open Sans', sans-serif, serif;font-size: 16.8px\">\n<p style=\"box-sizing: border-box;border-collapse: collapse;color: #000000;font-family: 'Segoe UI', 'Open Sans', sans-serif, serif;font-size: 16.8px\">\n<p style=\"box-sizing: border-box;border-collapse: collapse;color: #000000;font-family: 'Segoe UI', 'Open Sans', sans-serif, serif;font-size: 16.8px\">Il a pr\u00e9cis\u00e9 que la Radio du Saint Coran et la cha\u00eene Al-Mahdhara ont produit, avec un professionnalisme m\u00e9diatique et une pr\u00e9cision scientifique extr\u00eame, des dizaines de Corans r\u00e9cit\u00e9s et audibles avec les sept lectures, en plus de s\u00e9ries scientifiques sur les sciences du Hadith, incluant les Sahihain, Al-Muwatta, Al-Tirmidhi et Al-Nasa&#8217;i.<\/p>\n<p style=\"box-sizing: border-box;border-collapse: collapse;color: #000000;font-family: 'Segoe UI', 'Open Sans', sans-serif, serif;font-size: 16.8px\">\n<p style=\"box-sizing: border-box;border-collapse: collapse;color: #000000;font-family: 'Segoe UI', 'Open Sans', sans-serif, serif;font-size: 16.8px\">\n<p style=\"box-sizing: border-box;border-collapse: collapse;color: #000000;font-family: 'Segoe UI', 'Open Sans', sans-serif, serif;font-size: 16.8px\">\n<p style=\"box-sizing: border-box;border-collapse: collapse;color: #000000;font-family: 'Segoe UI', 'Open Sans', sans-serif, serif;font-size: 16.8px\">\n<p style=\"box-sizing: border-box;border-collapse: collapse;color: #000000;font-family: 'Segoe UI', 'Open Sans', sans-serif, serif;font-size: 16.8px\">\n<p style=\"box-sizing: border-box;border-collapse: collapse;color: #000000;font-family: 'Segoe UI', 'Open Sans', sans-serif, serif;font-size: 16.8px\">De son c\u00f4t\u00e9, le pr\u00e9sident du Comit\u00e9 scientifique de la Radio du Saint Coran et de la cha\u00eene Al-Mahdhara, M. Mohamed Mokhtar Ould M&#8217;bala, a expliqu\u00e9, dans un discours \u00e0 la m\u00eame occasion, que l&#8217;imam de la Mosqu\u00e9e du Proph\u00e8te (PSL) et la d\u00e9l\u00e9gation qui l&#8217;accompagne sont venus du pays du Messager d&#8217;Allah, que la paix et les b\u00e9n\u00e9dictions soient sur lui, vers le pays de l&#8217;amour du Messager d&#8217;Allah, que la paix et les b\u00e9n\u00e9dictions soient sur lui, et du pays de la r\u00e9v\u00e9lation vers le pays de la pr\u00e9servation.<\/p>\n<p style=\"box-sizing: border-box;border-collapse: collapse;color: #000000;font-family: 'Segoe UI', 'Open Sans', sans-serif, serif;font-size: 16.8px\">\n<p style=\"box-sizing: border-box;border-collapse: collapse;color: #000000;font-family: 'Segoe UI', 'Open Sans', sans-serif, serif;font-size: 16.8px\">\n<p style=\"box-sizing: border-box;border-collapse: collapse;color: #000000;font-family: 'Segoe UI', 'Open Sans', sans-serif, serif;font-size: 16.8px\">\n<p style=\"box-sizing: border-box;border-collapse: collapse;color: #000000;font-family: 'Segoe UI', 'Open Sans', sans-serif, serif;font-size: 16.8px\">\n<p style=\"box-sizing: border-box;border-collapse: collapse;color: #000000;font-family: 'Segoe UI', 'Open Sans', sans-serif, serif;font-size: 16.8px\">\n<p style=\"box-sizing: border-box;border-collapse: collapse;color: #000000;font-family: 'Segoe UI', 'Open Sans', sans-serif, serif;font-size: 16.8px\">Il a ajout\u00e9 que cette noble d\u00e9l\u00e9gation, dirig\u00e9e par l&#8217;imam de la Mosqu\u00e9e du Proph\u00e8te, est venue faire revivre la tradition du voyage et de la continuit\u00e9, une ancienne tradition qui a repr\u00e9sent\u00e9 un pont de communication entre la Mauritanie et le Royaume d&#8217;Arabie Saoudite, soulignant des exemples de savants mauritaniens tels que l&#8217;\u00e9rudit Mohamed Yahya Al-Walati et Mohamed Ould Elemine Al-Shinqiti.<\/p>\n<p style=\"box-sizing: border-box;border-collapse: collapse;color: #000000;font-family: 'Segoe UI', 'Open Sans', sans-serif, serif;font-size: 16.8px\">\n<p style=\"box-sizing: border-box;border-collapse: collapse;color: #000000;font-family: 'Segoe UI', 'Open Sans', sans-serif, serif;font-size: 16.8px\">\n<p style=\"box-sizing: border-box;border-collapse: collapse;color: #000000;font-family: 'Segoe UI', 'Open Sans', sans-serif, serif;font-size: 16.8px\">\n<p style=\"box-sizing: border-box;border-collapse: collapse;color: #000000;font-family: 'Segoe UI', 'Open Sans', sans-serif, serif;font-size: 16.8px\">\n<p style=\"box-sizing: border-box;border-collapse: collapse;color: #000000;font-family: 'Segoe UI', 'Open Sans', sans-serif, serif;font-size: 16.8px\">\n<p style=\"box-sizing: border-box;border-collapse: collapse;color: #000000;font-family: 'Segoe UI', 'Open Sans', sans-serif, serif;font-size: 16.8px\">Quant \u00e0 l&#8217;imam de la Mosqu\u00e9e du Proph\u00e8te (PSL), il a expliqu\u00e9 que le m\u00e9rite de cette visite revient, apr\u00e8s Allah Tout-Puissant, au Roi Salman bin Abdulaziz Al Saud et \u00e0 Son Altesse Royale le Prince h\u00e9ritier Mohammed bin Salman, ainsi qu&#8217;\u00e0 Son Excellence le Pr\u00e9sident de la R\u00e9publique, M. Mohamed Ould Cheikh El Ghazouani.<\/p>\n<p style=\"box-sizing: border-box;border-collapse: collapse;color: #000000;font-family: 'Segoe UI', 'Open Sans', sans-serif, serif;font-size: 16.8px\">\n<p style=\"box-sizing: border-box;border-collapse: collapse;color: #000000;font-family: 'Segoe UI', 'Open Sans', sans-serif, serif;font-size: 16.8px\">\n<p style=\"box-sizing: border-box;border-collapse: collapse;color: #000000;font-family: 'Segoe UI', 'Open Sans', sans-serif, serif;font-size: 16.8px\">\n<p style=\"box-sizing: border-box;border-collapse: collapse;color: #000000;font-family: 'Segoe UI', 'Open Sans', sans-serif, serif;font-size: 16.8px\">\n<p style=\"box-sizing: border-box;border-collapse: collapse;color: #000000;font-family: 'Segoe UI', 'Open Sans', sans-serif, serif;font-size: 16.8px\">\n<p style=\"box-sizing: border-box;border-collapse: collapse;color: #000000;font-family: 'Segoe UI', 'Open Sans', sans-serif, serif;font-size: 16.8px\">Il a soulign\u00e9 que la Mauritanie est une terre de savants et de litt\u00e9rateurs, et que son peuple repr\u00e9sente les plus belles images de tol\u00e9rance, de noblesse et de g\u00e9n\u00e9rosit\u00e9, et incarne les valeurs de l&#8217;Islam, notant que l&#8217;amour de ce pays pour les habitants du Royaume d&#8217;Arabie Saoudite est un amour sinc\u00e8re pour le lieu de repos du Messager d&#8217;Allah, que la paix et les b\u00e9n\u00e9dictions soient sur lui, et pour ses terres.<\/p>\n<p style=\"box-sizing: border-box;border-collapse: collapse;color: #000000;font-family: 'Segoe UI', 'Open Sans', sans-serif, serif;font-size: 16.8px\">\n<p style=\"box-sizing: border-box;border-collapse: collapse;color: #000000;font-family: 'Segoe UI', 'Open Sans', sans-serif, serif;font-size: 16.8px\">\n<p style=\"box-sizing: border-box;border-collapse: collapse;color: #000000;font-family: 'Segoe UI', 'Open Sans', sans-serif, serif;font-size: 16.8px\">\n<p style=\"box-sizing: border-box;border-collapse: collapse;color: #000000;font-family: 'Segoe UI', 'Open Sans', sans-serif, serif;font-size: 16.8px\">\n<p style=\"box-sizing: border-box;border-collapse: collapse;color: #000000;font-family: 'Segoe UI', 'Open Sans', sans-serif, serif;font-size: 16.8px\">\n<p style=\"box-sizing: border-box;border-collapse: collapse;color: #000000;font-family: 'Segoe UI', 'Open Sans', sans-serif, serif;font-size: 16.8px\">Ont assist\u00e9 \u00e0 cette rencontre le conseiller aux affaires juridiques du ministre des Affaires islamiques et de l&#8217;Enseignement originel, un grand nombre de savants et de cadres de la radio, ainsi que la d\u00e9l\u00e9gation accompagnant \u00e0 l&#8217;imam de la Mosqu\u00e9e du Proph\u00e8te (PSL).<\/p>\n","protected":false},"excerpt":{"rendered":"<p>L&#8217;imam de la Mosqu\u00e9e du Proph\u00e8te (PSL), Ahmed bin Ali Al-Hudhaifi, a effectu\u00e9, ce jeudi, une visite au si\u00e8ge de la Radio du Saint Coran et de la cha\u00eene la Mahadra au sein de Radio Mauritanie, dans le cadre de sa visite actuelle en Mauritanie. Dans son discours \u00e0 cette occasion, le directeur g\u00e9n\u00e9ral de [&hellip;]<\/p>\n","protected":false},"author":5,"featured_media":284830,"comment_status":"open","ping_status":"open","sticky":false,"template":"","format":"standard","meta":{"footnotes":""},"categories":[63918,63957,63959,63927],"tags":[],"class_list":["post-284829","post","type-post","status-publish","format-standard","has-post-thumbnail","hentry","category-autres","category-fil-dactualite","category-mauritanie","category-slider-mauritanie"],"_links":{"self":[{"href":"https:\/\/ami.mr\/fr\/wp-json\/wp\/v2\/posts\/284829","targetHints":{"allow":["GET"]}}],"collection":[{"href":"https:\/\/ami.mr\/fr\/wp-json\/wp\/v2\/posts"}],"about":[{"href":"https:\/\/ami.mr\/fr\/wp-json\/wp\/v2\/types\/post"}],"author":[{"embeddable":true,"href":"https:\/\/ami.mr\/fr\/wp-json\/wp\/v2\/users\/5"}],"replies":[{"embeddable":true,"href":"https:\/\/ami.mr\/fr\/wp-json\/wp\/v2\/comments?post=284829"}],"version-history":[{"count":1,"href":"https:\/\/ami.mr\/fr\/wp-json\/wp\/v2\/posts\/284829\/revisions"}],"predecessor-version":[{"id":284832,"href":"https:\/\/ami.mr\/fr\/wp-json\/wp\/v2\/posts\/284829\/revisions\/284832"}],"wp:featuredmedia":[{"embeddable":true,"href":"https:\/\/ami.mr\/fr\/wp-json\/wp\/v2\/media\/284830"}],"wp:attachment":[{"href":"https:\/\/ami.mr\/fr\/wp-json\/wp\/v2\/media?parent=284829"}],"wp:term":[{"taxonomy":"category","embeddable":true,"href":"https:\/\/ami.mr\/fr\/wp-json\/wp\/v2\/categories?post=284829"},{"taxonomy":"post_tag","embeddable":true,"href":"https:\/\/ami.mr\/fr\/wp-json\/wp\/v2\/tags?post=284829"}],"curies":[{"name":"wp","href":"https:\/\/api.w.org\/{rel}","templated":true}]}}