{"id":284719,"date":"2025-12-03T18:27:16","date_gmt":"2025-12-03T18:27:16","guid":{"rendered":"https:\/\/ami.mr\/fr\/?p=284719"},"modified":"2025-12-03T20:45:04","modified_gmt":"2025-12-03T20:45:04","slug":"inauguration-de-trois-ecoles-primaires-a-dakhlet-nouadhibou","status":"publish","type":"post","link":"https:\/\/ami.mr\/fr\/archives\/284719","title":{"rendered":"Inauguration de trois \u00e9coles primaires \u00e0 Dakhlet-Nouadhibou"},"content":{"rendered":"<p>Le wali de Dakhlet-Nouadhibou, M. Mahi Ould Hamed, a supervis\u00e9, aujourd&#8217;hui, mercredi, l&#8217;inauguration de trois \u00e9coles primaires enti\u00e8rement achev\u00e9es, dont deux dans les quartiers de Tarhil et MST de la ville de Nouadhibou, et la troisi\u00e8me dans la moughataa de Chami.<\/p>\n<p>Les \u00e9coles financ\u00e9es sur budget de l&#8217;\u00c9tat et supervis\u00e9es par le minist\u00e8re de l&#8217;Habitat, de l&#8217;Urbanisme et de l&#8217;Am\u00e9nagement du Territoire disposent de toute l&#8217;infrastructure n\u00e9cessaire, y compris un logement pour le directeur et une loge pour le gardien.<\/p>\n<p>M. le wali a exprim\u00e9, dans un discours prononc\u00e9 \u00e0 cette occasion, sa joie face \u00e0 cette r\u00e9alisation, souhaitant que ces \u00e9coles comblent le d\u00e9ficit enregistr\u00e9 \u00e0 Nouadhibou et Chami en mati\u00e8re d&#8217;infrastructures primaires, et qu&#8217;elles contribuent \u00e0 augmenter la capacit\u00e9 d&#8217;accueil des \u00e9tablissements d&#8217;enseignement de la Wilaya.<\/p>\n<p>Il a soulign\u00e9 la grande importance que Son Excellence le Pr\u00e9sident de la R\u00e9publique, M. Mohamed Ould Cheikh El Ghazouani, accorde \u00e0 l&#8217;\u00e9cole r\u00e9publicaine, esp\u00e9rant que ces installations contribuent \u00e0 \u00e9lever le niveau de l&#8217;enseignement dans la Wilaya et qu&#8217;elles soient un moyen d&#8217;am\u00e9liorer la performance des superviseurs du processus \u00e9ducatif, qu&#8217;il s&#8217;agisse d&#8217;\u00e9ducateurs, d&#8217;enseignants ou de parents d&#8217;\u00e9l\u00e8ves.<\/p>\n<p>Ont assist\u00e9 \u00e0 la c\u00e9r\u00e9monie d&#8217;inauguration le hakem de la moughataa de Nouadhibou, l&#8217;adjoint au maire de la commune de Nouadhibou, les chefs des appareils militaires et de s\u00e9curit\u00e9 de la Wilaya, le directeur r\u00e9gional de l&#8217;\u00c9ducation Nationale et de la R\u00e9forme du Syst\u00e8me d&#8217;Enseignement, l&#8217;inspecteur de la moughataa, et des repr\u00e9sentants de l&#8217;association des parents d&#8217;\u00e9l\u00e8ves.<\/p>\n","protected":false},"excerpt":{"rendered":"<p>Le wali de Dakhlet-Nouadhibou, M. Mahi Ould Hamed, a supervis\u00e9, aujourd&#8217;hui, mercredi, l&#8217;inauguration de trois \u00e9coles primaires enti\u00e8rement achev\u00e9es, dont deux dans les quartiers de Tarhil et MST de la ville de Nouadhibou, et la troisi\u00e8me dans la moughataa de Chami. Les \u00e9coles financ\u00e9es sur budget de l&#8217;\u00c9tat et supervis\u00e9es par le minist\u00e8re de l&#8217;Habitat, [&hellip;]<\/p>\n","protected":false},"author":5,"featured_media":284720,"comment_status":"open","ping_status":"open","sticky":false,"template":"","format":"standard","meta":{"footnotes":""},"categories":[63918,63957,8672],"tags":[],"class_list":["post-284719","post","type-post","status-publish","format-standard","has-post-thumbnail","hentry","category-autres","category-fil-dactualite","category-8672"],"_links":{"self":[{"href":"https:\/\/ami.mr\/fr\/wp-json\/wp\/v2\/posts\/284719","targetHints":{"allow":["GET"]}}],"collection":[{"href":"https:\/\/ami.mr\/fr\/wp-json\/wp\/v2\/posts"}],"about":[{"href":"https:\/\/ami.mr\/fr\/wp-json\/wp\/v2\/types\/post"}],"author":[{"embeddable":true,"href":"https:\/\/ami.mr\/fr\/wp-json\/wp\/v2\/users\/5"}],"replies":[{"embeddable":true,"href":"https:\/\/ami.mr\/fr\/wp-json\/wp\/v2\/comments?post=284719"}],"version-history":[{"count":1,"href":"https:\/\/ami.mr\/fr\/wp-json\/wp\/v2\/posts\/284719\/revisions"}],"predecessor-version":[{"id":284721,"href":"https:\/\/ami.mr\/fr\/wp-json\/wp\/v2\/posts\/284719\/revisions\/284721"}],"wp:featuredmedia":[{"embeddable":true,"href":"https:\/\/ami.mr\/fr\/wp-json\/wp\/v2\/media\/284720"}],"wp:attachment":[{"href":"https:\/\/ami.mr\/fr\/wp-json\/wp\/v2\/media?parent=284719"}],"wp:term":[{"taxonomy":"category","embeddable":true,"href":"https:\/\/ami.mr\/fr\/wp-json\/wp\/v2\/categories?post=284719"},{"taxonomy":"post_tag","embeddable":true,"href":"https:\/\/ami.mr\/fr\/wp-json\/wp\/v2\/tags?post=284719"}],"curies":[{"name":"wp","href":"https:\/\/api.w.org\/{rel}","templated":true}]}}