{"id":284716,"date":"2025-12-03T18:17:00","date_gmt":"2025-12-03T18:17:00","guid":{"rendered":"https:\/\/ami.mr\/fr\/?p=284716"},"modified":"2025-12-03T18:17:00","modified_gmt":"2025-12-03T18:17:00","slug":"le-ministre-de-la-justice-recoit-une-delegation-de-lorganisation-suisse-terre-des-hommes","status":"publish","type":"post","link":"https:\/\/ami.mr\/fr\/archives\/284716","title":{"rendered":"Le ministre de la Justice re\u00e7oit une d\u00e9l\u00e9gation de l&#8217;organisation suisse Terre des Hommes"},"content":{"rendered":"<p>Le ministre de la Justice, M. Mohamed Ould Soueidatt, a re\u00e7u, mercredi \u00e0 Nouakchott, une d\u00e9l\u00e9gation de l&#8217;organisation suisse Terre des Hommes, conduite par son d\u00e9l\u00e9gu\u00e9 g\u00e9n\u00e9ral, M. Alpha Edraoudou.<\/p>\n<p>La rencontre a port\u00e9 sur les dossiers et projets de coop\u00e9ration existants entre les deux parties, ainsi que les moyens de les renforcer et de les d\u00e9velopper.<\/p>\n<p>Ont assist\u00e9 \u00e0 la rencontre le conseiller charg\u00e9 de la coop\u00e9ration, M. Amar Kassem, secr\u00e9taire g\u00e9n\u00e9ral par int\u00e9rim du minist\u00e8re, et le directeur de la protection spatiale de l&#8217;enfance, M. Mohamed El Karaoui.<\/p>\n","protected":false},"excerpt":{"rendered":"<p>Le ministre de la Justice, M. Mohamed Ould Soueidatt, a re\u00e7u, mercredi \u00e0 Nouakchott, une d\u00e9l\u00e9gation de l&#8217;organisation suisse Terre des Hommes, conduite par son d\u00e9l\u00e9gu\u00e9 g\u00e9n\u00e9ral, M. Alpha Edraoudou. La rencontre a port\u00e9 sur les dossiers et projets de coop\u00e9ration existants entre les deux parties, ainsi que les moyens de les renforcer et de [&hellip;]<\/p>\n","protected":false},"author":5,"featured_media":284717,"comment_status":"open","ping_status":"open","sticky":false,"template":"","format":"standard","meta":{"footnotes":""},"categories":[63918,63957,63959,63927],"tags":[],"class_list":["post-284716","post","type-post","status-publish","format-standard","has-post-thumbnail","hentry","category-autres","category-fil-dactualite","category-mauritanie","category-slider-mauritanie"],"_links":{"self":[{"href":"https:\/\/ami.mr\/fr\/wp-json\/wp\/v2\/posts\/284716","targetHints":{"allow":["GET"]}}],"collection":[{"href":"https:\/\/ami.mr\/fr\/wp-json\/wp\/v2\/posts"}],"about":[{"href":"https:\/\/ami.mr\/fr\/wp-json\/wp\/v2\/types\/post"}],"author":[{"embeddable":true,"href":"https:\/\/ami.mr\/fr\/wp-json\/wp\/v2\/users\/5"}],"replies":[{"embeddable":true,"href":"https:\/\/ami.mr\/fr\/wp-json\/wp\/v2\/comments?post=284716"}],"version-history":[{"count":1,"href":"https:\/\/ami.mr\/fr\/wp-json\/wp\/v2\/posts\/284716\/revisions"}],"predecessor-version":[{"id":284718,"href":"https:\/\/ami.mr\/fr\/wp-json\/wp\/v2\/posts\/284716\/revisions\/284718"}],"wp:featuredmedia":[{"embeddable":true,"href":"https:\/\/ami.mr\/fr\/wp-json\/wp\/v2\/media\/284717"}],"wp:attachment":[{"href":"https:\/\/ami.mr\/fr\/wp-json\/wp\/v2\/media?parent=284716"}],"wp:term":[{"taxonomy":"category","embeddable":true,"href":"https:\/\/ami.mr\/fr\/wp-json\/wp\/v2\/categories?post=284716"},{"taxonomy":"post_tag","embeddable":true,"href":"https:\/\/ami.mr\/fr\/wp-json\/wp\/v2\/tags?post=284716"}],"curies":[{"name":"wp","href":"https:\/\/api.w.org\/{rel}","templated":true}]}}