{"id":284022,"date":"2025-11-26T19:04:23","date_gmt":"2025-11-26T19:04:23","guid":{"rendered":"https:\/\/ami.mr\/fr\/?p=284022"},"modified":"2025-11-26T19:04:23","modified_gmt":"2025-11-26T19:04:23","slug":"la-mauritanie-elue-membre-du-bureau-executif-du-conseil-des-ministres-arabes-de-linformation","status":"publish","type":"post","link":"https:\/\/ami.mr\/fr\/archives\/284022","title":{"rendered":"La Mauritanie \u00e9lue membre du Bureau ex\u00e9cutif du Conseil des ministres arabes de l&#8217;Information"},"content":{"rendered":"<p>La Mauritanie a \u00e9t\u00e9 \u00e9lue, aujourd&#8217;hui mercredi, \u00e0 l&#8217;issue des travaux de la 54\u00e8me session du Conseil des ministres arabes de l&#8217;Information, tenue au Caire, membre du Bureau ex\u00e9cutif du Conseil pour sa prochaine session.<\/p>\n<p>Le ministre de la Culture, des Arts, de la Communication et des Relations avec le Parlement, porte-parole du gouvernement, M. El Houssein Ould Meddou, a exprim\u00e9 la fiert\u00e9 de la Mauritanie pour cette confiance arabe, affirmant que son pays assumera son r\u00f4le au sein du Bureau ex\u00e9cutif avec un engagement et une responsabilit\u00e9 totale, et contribuera \u00e0 renforcer la coordination m\u00e9diatique arabe commune, et \u00e0 d\u00e9velopper des initiatives visant \u00e0 moderniser les m\u00e9dias arabes et \u00e0 consolider leur pr\u00e9sence dans l&#8217;espace international.<\/p>\n","protected":false},"excerpt":{"rendered":"<p>La Mauritanie a \u00e9t\u00e9 \u00e9lue, aujourd&#8217;hui mercredi, \u00e0 l&#8217;issue des travaux de la 54\u00e8me session du Conseil des ministres arabes de l&#8217;Information, tenue au Caire, membre du Bureau ex\u00e9cutif du Conseil pour sa prochaine session. Le ministre de la Culture, des Arts, de la Communication et des Relations avec le Parlement, porte-parole du gouvernement, M. [&hellip;]<\/p>\n","protected":false},"author":5,"featured_media":284023,"comment_status":"open","ping_status":"open","sticky":false,"template":"","format":"standard","meta":{"footnotes":""},"categories":[63920,63957,25],"tags":[],"class_list":["post-284022","post","type-post","status-publish","format-standard","has-post-thumbnail","hentry","category-a-la-une","category-fil-dactualite","category-25"],"_links":{"self":[{"href":"https:\/\/ami.mr\/fr\/wp-json\/wp\/v2\/posts\/284022","targetHints":{"allow":["GET"]}}],"collection":[{"href":"https:\/\/ami.mr\/fr\/wp-json\/wp\/v2\/posts"}],"about":[{"href":"https:\/\/ami.mr\/fr\/wp-json\/wp\/v2\/types\/post"}],"author":[{"embeddable":true,"href":"https:\/\/ami.mr\/fr\/wp-json\/wp\/v2\/users\/5"}],"replies":[{"embeddable":true,"href":"https:\/\/ami.mr\/fr\/wp-json\/wp\/v2\/comments?post=284022"}],"version-history":[{"count":1,"href":"https:\/\/ami.mr\/fr\/wp-json\/wp\/v2\/posts\/284022\/revisions"}],"predecessor-version":[{"id":284024,"href":"https:\/\/ami.mr\/fr\/wp-json\/wp\/v2\/posts\/284022\/revisions\/284024"}],"wp:featuredmedia":[{"embeddable":true,"href":"https:\/\/ami.mr\/fr\/wp-json\/wp\/v2\/media\/284023"}],"wp:attachment":[{"href":"https:\/\/ami.mr\/fr\/wp-json\/wp\/v2\/media?parent=284022"}],"wp:term":[{"taxonomy":"category","embeddable":true,"href":"https:\/\/ami.mr\/fr\/wp-json\/wp\/v2\/categories?post=284022"},{"taxonomy":"post_tag","embeddable":true,"href":"https:\/\/ami.mr\/fr\/wp-json\/wp\/v2\/tags?post=284022"}],"curies":[{"name":"wp","href":"https:\/\/api.w.org\/{rel}","templated":true}]}}