{"id":283917,"date":"2025-11-25T21:09:22","date_gmt":"2025-11-25T21:09:22","guid":{"rendered":"https:\/\/ami.mr\/fr\/?p=283917"},"modified":"2025-11-26T16:06:57","modified_gmt":"2025-11-26T16:06:57","slug":"commemoration-du-65e-anniversaire-des-forces-armees-a-travers-le-pays","status":"publish","type":"post","link":"https:\/\/ami.mr\/fr\/archives\/283917","title":{"rendered":"Comm\u00e9moration du 65e anniversaire des Forces arm\u00e9es \u00e0 travers le pays"},"content":{"rendered":"<p>Les Forces arm\u00e9es ont comm\u00e9mor\u00e9 aujourd&#8217;hui, mardi 25 novembre, leur 65e anniversaire.<\/p>\n<p>Des c\u00e9r\u00e9monies de lev\u00e9e des couleurs organis\u00e9es pour c\u00e9l\u00e9brer cette f\u00eate, se sont d\u00e9roul\u00e9es au niveau de plusieurs capitales r\u00e9gionales du pays.<\/p>\n<p><img decoding=\"async\" class=\"size-medium wp-image-283975 alignright\" src=\"https:\/\/ami.mr\/fr\/wp-content\/uploads\/2025\/11\/\u0623\u0644\u0627\u0643-300x198.jpg\" alt=\"\" width=\"300\" height=\"198\" srcset=\"https:\/\/ami.mr\/fr\/wp-content\/uploads\/2025\/11\/\u0623\u0644\u0627\u0643-300x198.jpg 300w, https:\/\/ami.mr\/fr\/wp-content\/uploads\/2025\/11\/\u0623\u0644\u0627\u0643.jpg 677w\" sizes=\"(max-width: 300px) 100vw, 300px\" \/>Le Wali du <span style=\"color: #0000ff;\">Brakna<\/span>, M. Mohamed Ould Saleck, a supervis\u00e9 dans ce cadre, en compagnie du commandant de la 7e R\u00e9gion militaire, le Colonel Oumar Ould Sidi, les c\u00e9r\u00e9monies comm\u00e9morant le 65e anniversaire de la fondation des Forces arm\u00e9es nationales.<\/p>\n<p>Une lev\u00e9e du drapeau national s\u2019est d\u00e9roul\u00e9e \u00e0 cet effet au QG de la 7e R\u00e9gion militaire, o\u00f9 a eu lieu \u00e9galement un d\u00e9fil\u00e9 d&#8217;unit\u00e9s de la 7e R\u00e9gion militaire, de la Garde nationale, de l&#8217;Institut sup\u00e9rieur de construction, des travaux publics et d&#8217;urbanisme, ainsi que du Bataillon blind\u00e9.<\/p>\n<p><img decoding=\"async\" class=\"size-medium wp-image-283976 alignright\" src=\"https:\/\/ami.mr\/fr\/wp-content\/uploads\/2025\/11\/2-1-300x198.jpg\" alt=\"\" width=\"300\" height=\"198\" srcset=\"https:\/\/ami.mr\/fr\/wp-content\/uploads\/2025\/11\/2-1-300x198.jpg 300w, https:\/\/ami.mr\/fr\/wp-content\/uploads\/2025\/11\/2-1.jpg 677w\" sizes=\"(max-width: 300px) 100vw, 300px\" \/>Au niveau de la <span style=\"color: #0000ff;\">wilaya du Hodh El Gharbi<\/span>, cette comm\u00e9moration a \u00e9t\u00e9 pr\u00e9sid\u00e9e par le wali adjoint M. Mohamed Ould Abdallahi Ould Cheikh Sidiya, en compagnie du commandant du 52e bataillon d&#8217;infanterie a\u00e9roport\u00e9e, le lieutenant-colonel Mohamedou Moustapha, au QG du bataillon \u00e0 Aioun.<\/p>\n<p>Ces festivit\u00e9s ont comport\u00e9 une c\u00e9r\u00e9monie de lev\u00e9e des couleurs accompagn\u00e9e de l&#8217;hymne national, un d\u00e9fil\u00e9 des unit\u00e9s de l&#8217;arm\u00e9e et de la garde nationale, une salve d&#8217;honneur et des d\u00e9monstrations illustrant la capacit\u00e9 op\u00e9rationnelle de ces unit\u00e9s, tant sur le plan logistique que sur celui des effectifs.<\/p>\n<p>L\u2019Arm\u00e9e nationale avait \u00e9t\u00e9 t\u00e9moin de la naissance de la nation, comme elle a supervis\u00e9 la phase de cr\u00e9ation des forces arm\u00e9es et de s\u00e9curit\u00e9, a d\u00e9clar\u00e9 \u00e0 cette occasion, le commandant du bataillon, selon lequel, elle a particip\u00e9 \u00e9galement \u00e0 la construction nationale et a jou\u00e9 un r\u00f4le actif en veillant avec vigilance \u00e0 la s\u00e9curit\u00e9 des citoyens et \u00e0 la dignit\u00e9 de la nation.<\/p>\n<p>Toujours selon lui, l&#8217;institution militaire mauritanienne a connu ces derni\u00e8res ann\u00e9es des r\u00e9formes et des d\u00e9veloppements, tant au niveau de sa structure que de son fonctionnement op\u00e9rationnel, en phase avec les transformations mondiales, s&#8217;adaptant ainsi \u00e0 l&#8217;\u00e9volution de la situation et r\u00e9pondant aux besoins de l&#8217;\u00c9tat et aux nouveaux enjeux.<\/p>\n<p><img decoding=\"async\" class=\"size-medium wp-image-283977 alignright\" src=\"https:\/\/ami.mr\/fr\/wp-content\/uploads\/2025\/11\/4-1-300x198.jpg\" alt=\"\" width=\"300\" height=\"198\" srcset=\"https:\/\/ami.mr\/fr\/wp-content\/uploads\/2025\/11\/4-1-300x198.jpg 300w, https:\/\/ami.mr\/fr\/wp-content\/uploads\/2025\/11\/4-1.jpg 677w\" sizes=\"(max-width: 300px) 100vw, 300px\" \/>Au niveau de la <span style=\"color: #0000ff;\">wilaya du Gorgol<\/span>, le 72e bataillon a\u00e9roport\u00e9 de la 7e r\u00e9gion militaire, stationn\u00e9 \u00e0 Ka\u00e9di, a organis\u00e9 aujourd\u2019hui, en d\u00e9but de journ\u00e9e, une c\u00e9r\u00e9monie militaire sous la supervision du wali adjoint, M. Ahmed Bezeid Ahmed Yacoub, en pr\u00e9sence du commandant du bataillon, le lieutenant-colonel Mohamed Mahmoud Ould Eleyatt. L\u2019\u00e9v\u00e8nement a d\u00e9but\u00e9 par la lev\u00e9e du drapeau national au son de l&#8217;hymne national, dans une atmosph\u00e8re empreinte de discipline et de patriotisme.<\/p>\n<p>S\u2019en suivit un salut d\u2019honneur pr\u00e9sent\u00e9 par les unit\u00e9s militaires aux officiels.<\/p>\n<p>Le wali adjoint et le commandant de bataillon ont pass\u00e9 par ailleurs en revue les formations militaires qui leur ont rendu les honneurs militaires, avant de saluer les officiers sup\u00e9rieurs, les \u00e9lus locaux et les chefs des services r\u00e9gionaux pr\u00e9sents, se joignant aux membres des forces arm\u00e9es afin de c\u00e9l\u00e9brer cet \u00e9v\u00e9nement national.<\/p>\n<p><img decoding=\"async\" class=\"size-medium wp-image-283978 alignright\" src=\"https:\/\/ami.mr\/fr\/wp-content\/uploads\/2025\/11\/8-300x198.jpg\" alt=\"\" width=\"300\" height=\"198\" srcset=\"https:\/\/ami.mr\/fr\/wp-content\/uploads\/2025\/11\/8-300x198.jpg 300w, https:\/\/ami.mr\/fr\/wp-content\/uploads\/2025\/11\/8.jpg 677w\" sizes=\"(max-width: 300px) 100vw, 300px\" \/>Le wali adjoint de<span style=\"color: #0000ff;\"> Dakhlet Nouadhibou<\/span>, M. Mohamed Abdel Wehab Ould Mohamed Vadel a pr\u00e9sid\u00e9 pour sa part, en compagnie du commandant de la 1i\u00e8re R\u00e9gion militaire, le Colonel Ahmedou Ould Sayem, aujourd&#8217;hui la comm\u00e9moration du 65e anniversaire de la Journ\u00e9e des forces arm\u00e9es nationales au QG de la 1i\u00e8re R\u00e9gion militaire (base de Wajaha) \u00e0 Nouadhibou.<\/p>\n<p>La c\u00e9r\u00e9monie a \u00e9t\u00e9 marqu\u00e9e par la lev\u00e9e du drapeau national et un d\u00e9fil\u00e9 d&#8217;unit\u00e9s de l&#8217;Arm\u00e9e de terre, de la Gendarmerie, de la Marine et de la Garde nationale, qui ont rendu les honneurs militaires au son de la musique militaire et de l&#8217;hymne national.<\/p>\n<p>Le wali adjoint a salu\u00e9 les commandants des forces arm\u00e9es et des services de s\u00e9curit\u00e9 de la r\u00e9gion, des officiers en poste dans la 1i\u00e8re R\u00e9gion Militaire, des chefs des services r\u00e9gionaux et des repr\u00e9sentants des anciens combattants \u00e0 Nouadhibou.<\/p>\n<p>Cet \u00e9v\u00e9nement met en exergue le r\u00f4le essentiel des forces arm\u00e9es pour assurer la continuit\u00e9 et l&#8217;existence de l&#8217;\u00c9tat, d\u00e9fendre son int\u00e9grit\u00e9 territoriale et maintenir la s\u00e9curit\u00e9 et l&#8217;ordre public, a d\u00e9clar\u00e9 \u00e0 cette c\u00e9r\u00e9monie, le commandant de la 1i\u00e8re R\u00e9gion Militaire.<\/p>\n<p><img decoding=\"async\" class=\"size-medium wp-image-283979 alignright\" src=\"https:\/\/ami.mr\/fr\/wp-content\/uploads\/2025\/11\/\u0631\u0648\u0635\u0648-1-300x198.jpg\" alt=\"\" width=\"300\" height=\"198\" srcset=\"https:\/\/ami.mr\/fr\/wp-content\/uploads\/2025\/11\/\u0631\u0648\u0635\u0648-1-300x198.jpg 300w, https:\/\/ami.mr\/fr\/wp-content\/uploads\/2025\/11\/\u0631\u0648\u0635\u0648-1.jpg 677w\" sizes=\"(max-width: 300px) 100vw, 300px\" \/>Dans la <span style=\"color: #0000ff;\">wilaya du Trarza<\/span>, le wali adjoint M. Sidi Mohamed Sidina Nemine, accompagn\u00e9 du commandant du Centre de formation technique de l&#8217;Arm\u00e9e nationale, le Colonel Ahmed Salem Bah Nou\u00e9y\u00e9, a supervis\u00e9, pour sa part, \u00e0 Rosso, la comm\u00e9moration de la Journ\u00e9e des Forces arm\u00e9es nationales.<\/p>\n<p>La c\u00e9r\u00e9monie a \u00e9t\u00e9 marqu\u00e9e par la lev\u00e9e du drapeau national et un d\u00e9fil\u00e9 d&#8217;unit\u00e9s des forces arm\u00e9es.<\/p>\n<p><img decoding=\"async\" class=\"size-medium wp-image-283980 alignright\" src=\"https:\/\/ami.mr\/fr\/wp-content\/uploads\/2025\/11\/\u062a\u064a\u0631\u0633-300x198.jpg\" alt=\"\" width=\"300\" height=\"198\" srcset=\"https:\/\/ami.mr\/fr\/wp-content\/uploads\/2025\/11\/\u062a\u064a\u0631\u0633-300x198.jpg 300w, https:\/\/ami.mr\/fr\/wp-content\/uploads\/2025\/11\/\u062a\u064a\u0631\u0633.jpg 677w\" sizes=\"(max-width: 300px) 100vw, 300px\" \/>Dans la <span style=\"color: #0000ff;\">wilaya du Tiris Zemmour<\/span>, la 2i\u00e8me R\u00e9gion Militaire, situ\u00e9e dans la moughataa de Fd\u00e9rick, a accueilli les c\u00e9l\u00e9brations de la Journ\u00e9e des Forces arm\u00e9es sous la supervision du wali adjoint du Tiris Zemmour, M. Mokhtar Ould Ahmed Ould Baba, et du commandant de la 2i\u00e8me R\u00e9gion Militaire, le colonel Cheikh Sidi Bouya Saleck.<\/p>\n<p>Le Wali adjoint et le commandant de la 2i\u00e8me R\u00e9gion Militaire ont salu\u00e9, apr\u00e8s la c\u00e9r\u00e9monie de lev\u00e9e du drapeau national et le d\u00e9fil\u00e9 d&#8217;unit\u00e9s des forces arm\u00e9es, les officiers sup\u00e9rieurs, les \u00e9lus et les repr\u00e9sentants des autorit\u00e9s administratives et s\u00e9curitaires.<\/p>\n<p><img decoding=\"async\" class=\"size-medium wp-image-283981 alignright\" src=\"https:\/\/ami.mr\/fr\/wp-content\/uploads\/2025\/11\/\u0622\u062f\u0631\u0627\u0631-300x198.jpg\" alt=\"\" width=\"300\" height=\"198\" srcset=\"https:\/\/ami.mr\/fr\/wp-content\/uploads\/2025\/11\/\u0622\u062f\u0631\u0627\u0631-300x198.jpg 300w, https:\/\/ami.mr\/fr\/wp-content\/uploads\/2025\/11\/\u0622\u062f\u0631\u0627\u0631.jpg 677w\" sizes=\"(max-width: 300px) 100vw, 300px\" \/>Parall\u00e8lement, dans la <span style=\"color: #0000ff;\">wilaya de l\u2019Adrar<\/span>, le wali adjoint, M. Sidi Mohamed Ould Soueilem a pr\u00e9sid\u00e9 en compagnie du commandant de l&#8217;Acad\u00e9mie, le colonel Mohamed Lemine Sid&#8217;Ahmed Abdel Maoula, et du commandant de la garnison d&#8217;Atar, une c\u00e9r\u00e9monie \u00e0 l&#8217;Acad\u00e9mie militaire d&#8217;Atar, marqu\u00e9e par la lev\u00e9e du drapeau national, accompagn\u00e9e de l&#8217;hymne national.<\/p>\n<p>Ils ont pass\u00e9 en revue ensuite les diff\u00e9rentes unit\u00e9s militaires, notamment la fanfare militaire, une unit\u00e9 de la gendarmerie nationale, une unit\u00e9 de l&#8217;Acad\u00e9mie militaire, une unit\u00e9 de la 3e r\u00e9gion militaire, une unit\u00e9 du bataillon de commandos, une unit\u00e9 du 6e groupe d&#8217;intervention sp\u00e9ciale, une unit\u00e9 de la base a\u00e9rienne et une unit\u00e9 du 6e groupe r\u00e9gional de la Garde nationale.<\/p>\n<p>Le wali adjoint, le commandant de l&#8217;Acad\u00e9mie militaire et leur d\u00e9l\u00e9gation ont visit\u00e9 par ailleurs le mus\u00e9e militaire de l&#8217;Acad\u00e9mie, o\u00f9 des explications leur ont \u00e9t\u00e9 pr\u00e9sent\u00e9es.<\/p>\n<p>L&#8217;histoire du mus\u00e9e, sa fondation et son r\u00f4le pr\u00e9pond\u00e9rant dans la mise en valeur de cette v\u00e9n\u00e9rable institution militaire ont \u00e9t\u00e9 soulign\u00e9s \u00e0 cette occasion.<\/p>\n<p><img decoding=\"async\" class=\"size-medium wp-image-283982 alignright\" src=\"https:\/\/ami.mr\/fr\/wp-content\/uploads\/2025\/11\/\u062a\u0643\u0627\u0646\u062a-1-300x198.jpg\" alt=\"\" width=\"300\" height=\"198\" srcset=\"https:\/\/ami.mr\/fr\/wp-content\/uploads\/2025\/11\/\u062a\u0643\u0627\u0646\u062a-1-300x198.jpg 300w, https:\/\/ami.mr\/fr\/wp-content\/uploads\/2025\/11\/\u062a\u0643\u0627\u0646\u062a-1.jpg 677w\" sizes=\"(max-width: 300px) 100vw, 300px\" \/>Dans la <span style=\"color: #0000ff;\">wilaya du Tagant<\/span>, la 8i\u00e8me R\u00e9gion militaire \u00e0 Tidjikja a accueilli les comm\u00e9morations de la Journ\u00e9e des forces arm\u00e9es, organis\u00e9es sous la supervision du wali adjoint du Tagant, M. Abdel Vettah Ould Ahmed Hmeity, accompagn\u00e9 du commandant de la 8i\u00e8me R\u00e9gion militaire, le colonel Mohamed Outhmane Sidi Mohamed Said.<\/p>\n<p>La c\u00e9r\u00e9monie a \u00e9t\u00e9 marqu\u00e9e par la lev\u00e9e du drapeau national au son de l&#8217;hymne national et par un d\u00e9fil\u00e9 d&#8217;unit\u00e9s de la 8i\u00e8me R\u00e9gion Militaire et d&#8217;une unit\u00e9 de la Garde nationale.<\/p>\n<p>Le commandant de la 8i\u00e8me R\u00e9gion Militaire a souhait\u00e9 \u00e0 cette occasion, la bienvenue aux participants. Cet \u00e9v\u00e9nement ne repr\u00e9sente pas seulement la c\u00e9l\u00e9bration d&#8217;un anniversaire historique, mais aussi l&#8217;opportunit\u00e9 de renouveler l&#8217;engagement envers les valeurs d&#8217;honneur et de discipline, et de se souvenir des sacrifices de ceux qui ont donn\u00e9 leur vie pour la patrie, gr\u00e2ce auxquels notre drapeau continue de flotter haut dans le ciel de la libert\u00e9 et notre unit\u00e9 nationale demeure intacte, a-t-il dit<\/p>\n<p>Il a \u00e9num\u00e9r\u00e9 par la suite quelques \u00e9tapes marquantes de la lutte de l&#8217;Arm\u00e9e nationale sur les champs de bataille, v\u00e9ritables \u00e9coles de r\u00e9silience et de sacrifice, mettant en lumi\u00e8re l&#8217;attention port\u00e9e ces derni\u00e8res ann\u00e9es aux forces arm\u00e9es par les autorit\u00e9s sup\u00e9rieures du pays, notamment en mati\u00e8re d&#8217;\u00e9quipement et d&#8217;entra\u00eenement.<\/p>\n<p>Ce qui leur a permis d&#8217;\u00eatre pleinement pr\u00e9par\u00e9es \u00e0 accomplir leurs missions de la meilleure fa\u00e7on possible, \u00e0 d\u00e9fendre l&#8217;int\u00e9grit\u00e9 territoriale, \u00e0 contribuer au d\u00e9veloppement et \u00e0 relever les divers d\u00e9fis dans un contexte r\u00e9gional instable, a-t-il ajout\u00e9, disant que la 8e R\u00e9gion militaire restera fid\u00e8le \u00e0 sa mission de vigilance et de discipline constantes, conform\u00e9ment aux directives des dirigeants du pays, pour la d\u00e9fense de la patrie et la pr\u00e9servation de ses acquis.<\/p>\n<p>La c\u00e9r\u00e9monie a \u00e9galement \u00e9t\u00e9 marqu\u00e9e par une pr\u00e9sentation du commandant de la 8e R\u00e9gion militaire, articul\u00e9e sur son r\u00f4le crucial pour la s\u00e9curit\u00e9 et la stabilit\u00e9 de sa zone g\u00e9ographique et sur les missions qui lui sont confi\u00e9es.<\/p>\n<p>Les participants ont \u00e9galement assist\u00e9 \u00e0 une pr\u00e9sentation sur les origines et l&#8217;histoire de l&#8217;Arm\u00e9e nationale, les obstacles rencontr\u00e9s depuis l&#8217;ind\u00e9pendance et les am\u00e9liorations apport\u00e9es au syst\u00e8me militaire ces derni\u00e8res ann\u00e9es.<\/p>\n<p><img decoding=\"async\" class=\"size-medium wp-image-283984 alignright\" src=\"https:\/\/ami.mr\/fr\/wp-content\/uploads\/2025\/11\/\u0633\u064a\u0644\u0628\u0627\u0628\u064a-300x198.jpg\" alt=\"\" width=\"300\" height=\"198\" srcset=\"https:\/\/ami.mr\/fr\/wp-content\/uploads\/2025\/11\/\u0633\u064a\u0644\u0628\u0627\u0628\u064a-300x198.jpg 300w, https:\/\/ami.mr\/fr\/wp-content\/uploads\/2025\/11\/\u0633\u064a\u0644\u0628\u0627\u0628\u064a.jpg 677w\" sizes=\"(max-width: 300px) 100vw, 300px\" \/>Dans la <span style=\"color: #0000ff;\">wilaya du Guidimagha<\/span>, le wali adjoint, M. Mohamed El Arbi Ould Sidi Mohamed a supervis\u00e9, en compagnie du commandant de la 4e R\u00e9gion militaire, le colonel Mohamed Said Yarg, la comm\u00e9moration du 65e anniversaire de la Journ\u00e9e des Forces arm\u00e9es nationales.<\/p>\n<p>La c\u00e9r\u00e9monie a \u00e9t\u00e9 marqu\u00e9e par la lev\u00e9e du drapeau national et un d\u00e9fil\u00e9 des formations des Forces arm\u00e9es nationales, qui ont rendu les honneurs au son de la musique militaire et de l&#8217;hymne national.<\/p>\n<p>Cet anniversaire incarne les plus hauts id\u00e9aux de patriotisme et de sacrifice et r\u00e9pond \u00e0 l&#8217;appel du devoir et de la conscience de chaque membre des forces arm\u00e9es stationn\u00e9 en premi\u00e8re ligne, formant un rempart imprenable pour la s\u00e9curit\u00e9 de la nation et de ses citoyens, a d\u00e9clar\u00e9 pour la circonstance, le commandant de la 4e R\u00e9gion militaire.<\/p>\n<p><img decoding=\"async\" class=\"size-medium wp-image-283986 alignright\" src=\"https:\/\/ami.mr\/fr\/wp-content\/uploads\/2025\/11\/\u0627\u0646\u0634\u064a\u0631\u064a-300x198.jpg\" alt=\"\" width=\"300\" height=\"198\" srcset=\"https:\/\/ami.mr\/fr\/wp-content\/uploads\/2025\/11\/\u0627\u0646\u0634\u064a\u0631\u064a-300x198.jpg 300w, https:\/\/ami.mr\/fr\/wp-content\/uploads\/2025\/11\/\u0627\u0646\u0634\u064a\u0631\u064a.jpg 677w\" sizes=\"(max-width: 300px) 100vw, 300px\" \/>Dans la <span style=\"color: #0000ff;\">wilaya de l\u2019Inchiri<\/span>, les activit\u00e9s comm\u00e9morant le 65e anniversaire de la Journ\u00e9e des forces arm\u00e9es ont d\u00e9but\u00e9 aujourd&#8217;hui au Centre national d&#8217;entra\u00eenement de l&#8217;arm\u00e9e \u00e0 Akjoujt.<\/p>\n<p>La c\u00e9r\u00e9monie, pr\u00e9sid\u00e9e par le wali adjoint de l\u2019Inchiri, M. Cheikhani Ould Bouh, et le commandant du Centre d&#8217;entra\u00eenement de l&#8217;arm\u00e9e de terre de l&#8217;\u00c9tat, le Colonel Mohamed Mahmoud Sid El Mokhtar Bneijara, a \u00e9t\u00e9 marqu\u00e9e par la lev\u00e9e du drapeau national au son de l&#8217;hymne national.<\/p>\n<p><img decoding=\"async\" class=\"size-medium wp-image-283990 alignright\" src=\"https:\/\/ami.mr\/fr\/wp-content\/uploads\/2025\/11\/3-2-300x198.jpg\" alt=\"\" width=\"300\" height=\"198\" srcset=\"https:\/\/ami.mr\/fr\/wp-content\/uploads\/2025\/11\/3-2-300x198.jpg 300w, https:\/\/ami.mr\/fr\/wp-content\/uploads\/2025\/11\/3-2.jpg 677w\" sizes=\"(max-width: 300px) 100vw, 300px\" \/>Dans la<span style=\"color: #0000ff;\"> wilaya de l\u2019Assaba<\/span>, l&#8217;\u00c9cole nationale des sous-officiers de Kiffa a organis\u00e9, quant \u00e0 elle, une c\u00e9r\u00e9monie pour comm\u00e9morer le 65e anniversaire de la fondation des Forces arm\u00e9es nationales.<\/p>\n<p>L\u2019\u00e9v\u00e9nement s&#8217;est d\u00e9roul\u00e9 sous la supervision du wali adjoint, M. Mohamed Fadel Tour\u00e9, et en pr\u00e9sence du Commandant de l&#8217;\u00c9cole nationale des sous-officiers, le Colonel Mohamed Ahmed El Hadj Mohamed. La c\u00e9r\u00e9monie a d\u00e9marr\u00e9 par la lev\u00e9e du drapeau national au son de l&#8217;hymne national, dans une atmosph\u00e8re empreinte de discipline et de patriotisme.<\/p>\n<p>Le wali adjoint et le Commandant ont pass\u00e9 ensuite en revue les diff\u00e9rentes formations militaires, qui leur ont pr\u00e9sent\u00e9 le salut d\u2019honneur.<\/p>\n<p>La cr\u00e9ation des forces arm\u00e9es le 25 novembre 1960 avait marqu\u00e9 la pose des fondements du syst\u00e8me de d\u00e9fense et de s\u00e9curit\u00e9 du pays, ouvrant la voie \u00e0 la s\u00e9curit\u00e9 et \u00e0 la stabilit\u00e9 sur l&#8217;ensemble du territoire, a d\u00e9clar\u00e9 \u00e0 cette occasion, le Commandant de l&#8217;\u00c9cole nationale des sous-officiers, soulignant le r\u00e9cent bond qualitatif des capacit\u00e9s des forces arm\u00e9es, sur terre, dans les airs et en mer, leur permettant ainsi de relever les diff\u00e9rents d\u00e9fis s\u00e9curitaires actuels.<\/p>\n<p>Cet anniversaire, que nous c\u00e9l\u00e9brons aujourd&#8217;hui, incarne un pass\u00e9 glorieux, inscrit en lettres d&#8217;or par nos justes martyrs qui ont tout sacrifi\u00e9 pour cette cause, a-t-il ajout\u00e9.<\/p>\n<p>Toutes ces c\u00e9r\u00e9monies organis\u00e9es dans les capitales r\u00e9gionales de l\u2019int\u00e9rieur du pays se sont d\u00e9roul\u00e9es dans une atmosph\u00e8re de mobilisation militaire et administrative g\u00e9n\u00e9rale, en pr\u00e9sence des commandants des formations militaires et de s\u00e9curit\u00e9, des autorit\u00e9s administratives et des chefs des d\u00e9partements r\u00e9gionaux de la r\u00e9gion de <span style=\"color: #000000;\">Assaba<\/span>.<\/p>\n<p>Etaient \u00e9galement pr\u00e9sents \u00e0 ces festivit\u00e9s les pr\u00e9sidents des R\u00e9gions, des charg\u00e9s de missions et conseillers des walis, des hakems, des maires, des procureurs g\u00e9n\u00e9raux et des chefs des services administratifs et de s\u00e9curit\u00e9.<\/p>\n","protected":false},"excerpt":{"rendered":"<p>Les Forces arm\u00e9es ont comm\u00e9mor\u00e9 aujourd&#8217;hui, mardi 25 novembre, leur 65e anniversaire. Des c\u00e9r\u00e9monies de lev\u00e9e des couleurs organis\u00e9es pour c\u00e9l\u00e9brer cette f\u00eate, se sont d\u00e9roul\u00e9es au niveau de plusieurs capitales r\u00e9gionales du pays. Le Wali du Brakna, M. Mohamed Ould Saleck, a supervis\u00e9 dans ce cadre, en compagnie du commandant de la 7e R\u00e9gion [&hellip;]<\/p>\n","protected":false},"author":8,"featured_media":283989,"comment_status":"open","ping_status":"open","sticky":false,"template":"","format":"standard","meta":{"footnotes":""},"categories":[63918,63957,63923,8672],"tags":[],"class_list":["post-283917","post","type-post","status-publish","format-standard","has-post-thumbnail","hentry","category-autres","category-fil-dactualite","category-slider-wilayas","category-8672"],"_links":{"self":[{"href":"https:\/\/ami.mr\/fr\/wp-json\/wp\/v2\/posts\/283917","targetHints":{"allow":["GET"]}}],"collection":[{"href":"https:\/\/ami.mr\/fr\/wp-json\/wp\/v2\/posts"}],"about":[{"href":"https:\/\/ami.mr\/fr\/wp-json\/wp\/v2\/types\/post"}],"author":[{"embeddable":true,"href":"https:\/\/ami.mr\/fr\/wp-json\/wp\/v2\/users\/8"}],"replies":[{"embeddable":true,"href":"https:\/\/ami.mr\/fr\/wp-json\/wp\/v2\/comments?post=283917"}],"version-history":[{"count":3,"href":"https:\/\/ami.mr\/fr\/wp-json\/wp\/v2\/posts\/283917\/revisions"}],"predecessor-version":[{"id":283991,"href":"https:\/\/ami.mr\/fr\/wp-json\/wp\/v2\/posts\/283917\/revisions\/283991"}],"wp:featuredmedia":[{"embeddable":true,"href":"https:\/\/ami.mr\/fr\/wp-json\/wp\/v2\/media\/283989"}],"wp:attachment":[{"href":"https:\/\/ami.mr\/fr\/wp-json\/wp\/v2\/media?parent=283917"}],"wp:term":[{"taxonomy":"category","embeddable":true,"href":"https:\/\/ami.mr\/fr\/wp-json\/wp\/v2\/categories?post=283917"},{"taxonomy":"post_tag","embeddable":true,"href":"https:\/\/ami.mr\/fr\/wp-json\/wp\/v2\/tags?post=283917"}],"curies":[{"name":"wp","href":"https:\/\/api.w.org\/{rel}","templated":true}]}}