{"id":283866,"date":"2025-11-25T14:15:32","date_gmt":"2025-11-25T14:15:32","guid":{"rendered":"https:\/\/ami.mr\/fr\/?p=283866"},"modified":"2025-11-25T14:17:00","modified_gmt":"2025-11-25T14:17:00","slug":"signature-dun-accord-de-pret-pour-financer-un-projet-de-10-centrales-solaires","status":"publish","type":"post","link":"https:\/\/ami.mr\/fr\/archives\/283866","title":{"rendered":"Signature d\u2019un accord de pr\u00eat pour financer un projet de 10 centrales solaires"},"content":{"rendered":"<p>Le ministre de l\u2019\u00c9conomie et du D\u00e9veloppement, M. Abdallahi Souleymane Cheikh Sidiya, et le ministre d\u00e9l\u00e9gu\u00e9 fran\u00e7ais au Commerce ext\u00e9rieur et \u00e0 l\u2019Attractivit\u00e9 des investissements, M. Nicolas Fourisier, ont sign\u00e9 mardi \u00e0 Nouakchott un accord de pr\u00eat \u00e0 taux pr\u00e9f\u00e9rentiel pour financer la construction de 10 centrales solaires \u00e9quip\u00e9es de syst\u00e8mes de stockage. Le montant du pr\u00eat s\u2019\u00e9l\u00e8ve \u00e0 39 223 671 \u20ac, soit 1 817 000 000 de nouvelles ouguiyas. Ce financement vise \u00e0 soutenir les efforts importants d\u00e9ploy\u00e9s par la Mauritanie en mati\u00e8re de d\u00e9veloppement des \u00e9nergies propres et de r\u00e9duction des in\u00e9galit\u00e9s entre les zones rurales et urbaines.<\/p>\n<p>Dans son allocution, le ministre des Affaires \u00e9conomiques et du D\u00e9veloppement a d\u00e9clar\u00e9 que ce financement t\u00e9moigne de l&#8217;engagement de Son Excellence le Pr\u00e9sident de la R\u00e9publique, M. Mohamed Ould Cheikh El Ghazouani, \u00e0 garantir l&#8217;acc\u00e8s universel aux services essentiels gr\u00e2ce \u00e0 des programmes favorisant la croissance, r\u00e9duisant les in\u00e9galit\u00e9s sociales et cr\u00e9ant des emplois. C&#8217;est pr\u00e9cis\u00e9ment l&#8217;objectif que s&#8217;efforce d&#8217;atteindre le gouvernement dans le cadre de ses plans sectoriels pour la mise en \u0153uvre de nombreux projets d&#8217;envergure dans le secteur de l&#8217;\u00e9lectricit\u00e9, auxquels des ressources importantes ont \u00e9t\u00e9 allou\u00e9es sur le budget d&#8217;investissement de l&#8217;\u00c9tat.<\/p>\n<p>Il a salu\u00e9 le niveau de partenariat entre les deux pays et le soutien efficace et diversifi\u00e9 que la France apporte \u00e0 la Mauritanie.<\/p>\n<p>Le ministre a not\u00e9 que la coop\u00e9ration bilat\u00e9rale conna\u00eet une v\u00e9ritable transformation, s&#8217;\u00e9tendant d\u00e9sormais \u00e0 l&#8217;\u00e9ducation, la formation professionnelle, la d\u00e9centralisation, la s\u00e9curit\u00e9 alimentaire, la sant\u00e9 et les infrastructures. Il a expliqu\u00e9 que la Mauritanie poss\u00e8de un potentiel consid\u00e9rable en mati\u00e8re d&#8217;\u00e9nergie solaire et \u00e9olienne et b\u00e9n\u00e9ficie d&#8217;investissements substantiels dans ce secteur, face \u00e0 une forte augmentation de la demande en \u00e9lectricit\u00e9, afin de stimuler la croissance \u00e9conomique et de r\u00e9pondre aux besoins de ses citoyens. Il a ajout\u00e9 que ces investissements sont soutenus par plusieurs donateurs, dont l&#8217;Agence fran\u00e7aise de d\u00e9veloppement, dans le but d&#8217;utiliser ces ressources de mani\u00e8re rationnelle, d&#8217;\u00e9tablir des lignes \u00e0 haute tension, de connecter le r\u00e9seau national \u00e0 ceux des pays voisins, d&#8217;\u00e9tendre les r\u00e9seaux de distribution dans les grands centres urbains et d&#8217;encourager la participation du secteur priv\u00e9 \u00e0 la production et \u00e0 la distribution d&#8217;\u00e9nergie.<\/p>\n<p>M. Abdallahi Ould Cheikh Sidiya a affirm\u00e9 que les efforts d\u00e9ploy\u00e9s dans ce domaine ont permis au taux de couverture \u00e9lectrique national de d\u00e9passer 50 %, ce qui repr\u00e9sente une avanc\u00e9e significative vers la r\u00e9alisation de l&#8217;Objectif de d\u00e9veloppement durable n\u00b0 7, qui porte sur l&#8217;acc\u00e8s \u00e0 une \u00e9nergie propre. Il a soulign\u00e9 que ce financement contribuera \u00e0 appuyer les efforts consid\u00e9rables consentis par la Mauritanie pour am\u00e9liorer l&#8217;approvisionnement en \u00e9nergie propre, r\u00e9duire les disparit\u00e9s entre les zones rurales et urbaines, soutenir l&#8217;activit\u00e9 \u00e9conomique, lutter contre la pauvret\u00e9, freiner les migrations et am\u00e9liorer les services de communication, d&#8217;\u00e9ducation et de sant\u00e9.<\/p>\n<p>De son c\u00f4t\u00e9, le ministre d\u00e9l\u00e9gu\u00e9 fran\u00e7ais au Commerce ext\u00e9rieur et \u00e0 l&#8217;Attractivit\u00e9 des investissements s&#8217;est f\u00e9licit\u00e9 de la signature de l&#8217;accord de financement pour le projet de construction de dix centrales solaires \u00e9quip\u00e9es de syst\u00e8mes de stockage, expliquant que cette signature s&#8217;inscrit dans le cadre du partenariat existant entre les deux pays. Il a soulign\u00e9 \u00eatre honor\u00e9 de se rendre en Mauritanie, sa premi\u00e8re visite en Afrique, et a exprim\u00e9 sa fiert\u00e9 quant \u00e0 l&#8217;amiti\u00e9 de longue date qui unit les deux pays.<\/p>\n<p>Il a \u00e9galement r\u00e9affirm\u00e9 le soutien ind\u00e9fectible de son pays \u00e0 la Mauritanie \u00e0 travers de tels projets.<\/p>\n<p>La c\u00e9r\u00e9monie de signature s\u2019est d\u00e9roul\u00e9e en pr\u00e9sence du ministre de l&#8217;\u00c9nergie et du P\u00e9trole, M. Mohamed Ould Khaled, du secr\u00e9taire g\u00e9n\u00e9ral du minist\u00e8re des Affaires \u00e9conomiques et du D\u00e9veloppement, de l&#8217;ambassadeur de France en Mauritanie et de plusieurs repr\u00e9sentants des deux secteurs.<\/p>\n","protected":false},"excerpt":{"rendered":"<p>Le ministre de l\u2019\u00c9conomie et du D\u00e9veloppement, M. Abdallahi Souleymane Cheikh Sidiya, et le ministre d\u00e9l\u00e9gu\u00e9 fran\u00e7ais au Commerce ext\u00e9rieur et \u00e0 l\u2019Attractivit\u00e9 des investissements, M. Nicolas Fourisier, ont sign\u00e9 mardi \u00e0 Nouakchott un accord de pr\u00eat \u00e0 taux pr\u00e9f\u00e9rentiel pour financer la construction de 10 centrales solaires \u00e9quip\u00e9es de syst\u00e8mes de stockage. Le montant [&hellip;]<\/p>\n","protected":false},"author":17,"featured_media":283867,"comment_status":"open","ping_status":"open","sticky":false,"template":"","format":"standard","meta":{"footnotes":""},"categories":[63920,63957,63959],"tags":[],"class_list":["post-283866","post","type-post","status-publish","format-standard","has-post-thumbnail","hentry","category-a-la-une","category-fil-dactualite","category-mauritanie"],"_links":{"self":[{"href":"https:\/\/ami.mr\/fr\/wp-json\/wp\/v2\/posts\/283866","targetHints":{"allow":["GET"]}}],"collection":[{"href":"https:\/\/ami.mr\/fr\/wp-json\/wp\/v2\/posts"}],"about":[{"href":"https:\/\/ami.mr\/fr\/wp-json\/wp\/v2\/types\/post"}],"author":[{"embeddable":true,"href":"https:\/\/ami.mr\/fr\/wp-json\/wp\/v2\/users\/17"}],"replies":[{"embeddable":true,"href":"https:\/\/ami.mr\/fr\/wp-json\/wp\/v2\/comments?post=283866"}],"version-history":[{"count":2,"href":"https:\/\/ami.mr\/fr\/wp-json\/wp\/v2\/posts\/283866\/revisions"}],"predecessor-version":[{"id":283869,"href":"https:\/\/ami.mr\/fr\/wp-json\/wp\/v2\/posts\/283866\/revisions\/283869"}],"wp:featuredmedia":[{"embeddable":true,"href":"https:\/\/ami.mr\/fr\/wp-json\/wp\/v2\/media\/283867"}],"wp:attachment":[{"href":"https:\/\/ami.mr\/fr\/wp-json\/wp\/v2\/media?parent=283866"}],"wp:term":[{"taxonomy":"category","embeddable":true,"href":"https:\/\/ami.mr\/fr\/wp-json\/wp\/v2\/categories?post=283866"},{"taxonomy":"post_tag","embeddable":true,"href":"https:\/\/ami.mr\/fr\/wp-json\/wp\/v2\/tags?post=283866"}],"curies":[{"name":"wp","href":"https:\/\/api.w.org\/{rel}","templated":true}]}}