{"id":283376,"date":"2025-11-18T19:49:02","date_gmt":"2025-11-18T19:49:02","guid":{"rendered":"https:\/\/ami.mr\/fr\/?p=283376"},"modified":"2025-11-18T19:49:02","modified_gmt":"2025-11-18T19:49:02","slug":"le-president-de-la-republique-recoit-le-president-du-conseil-dadministration-de-lotid-turque","status":"publish","type":"post","link":"https:\/\/ami.mr\/fr\/archives\/283376","title":{"rendered":"Le pr\u00e9sident de la R\u00e9publique re\u00e7oit le pr\u00e9sident du conseil d&#8217;administration de l&#8217;OTID turque"},"content":{"rendered":"<div class=\"row\">\n<div class=\"cell auto-size bd-gray\" dir=\"ltr\"><\/div>\n<\/div>\n<div class=\"row\">\n<div class=\"cell auto-size\">\n<div class=\"set-border bd-gray padding10 margin10 no-margin-right no-margin-left \" dir=\"ltr\">\n<p>Son Excellence le Pr\u00e9sident de la R\u00e9publique, M. Mohamed Ould Cheikh El Ghazouani, a re\u00e7u, mardi apr\u00e8s-midi, au Centre international de conf\u00e9rences \u00ab Mokhtar Ould Daddah \u00bb \u00e0 Nouakchott, le professeur Ahmed Osmanoglu, pr\u00e9sident du conseil d&#8217;administration de l&#8217;entreprise turque OTID.<\/p>\n<p>La rencontre a port\u00e9 sur le projet de cr\u00e9ation d&#8217;une zone industrielle en partenariat avec la Turquie, ax\u00e9 sur le transfert de technologies dans les domaines de l&#8217;emballage, de la r\u00e9frig\u00e9ration et de l&#8217;industrie l\u00e9g\u00e8re, afin de renforcer la valeur ajout\u00e9e et d&#8217;ouvrir de nouvelles perspectives en mati\u00e8re d&#8217;emploi et d&#8217;investissement.<\/p>\n<p>Cette orientation refl\u00e8te la volont\u00e9 de notre pays d&#8217;attirer des partenariats industriels de qualit\u00e9 et de d\u00e9velopper sa structure productive.<\/p>\n<p>La r\u00e9union s&#8217;est d\u00e9roul\u00e9e en pr\u00e9sence du ministre charg\u00e9 du cabinet du pr\u00e9sident de la R\u00e9publique, M. Nani Ould Chrougha.<\/p>\n<\/div>\n<\/div>\n<\/div>\n","protected":false},"excerpt":{"rendered":"<p>Son Excellence le Pr\u00e9sident de la R\u00e9publique, M. Mohamed Ould Cheikh El Ghazouani, a re\u00e7u, mardi apr\u00e8s-midi, au Centre international de conf\u00e9rences \u00ab Mokhtar Ould Daddah \u00bb \u00e0 Nouakchott, le professeur Ahmed Osmanoglu, pr\u00e9sident du conseil d&#8217;administration de l&#8217;entreprise turque OTID. La rencontre a port\u00e9 sur le projet de cr\u00e9ation d&#8217;une zone industrielle en partenariat [&hellip;]<\/p>\n","protected":false},"author":8,"featured_media":283377,"comment_status":"open","ping_status":"open","sticky":false,"template":"","format":"standard","meta":{"footnotes":""},"categories":[63957,25,63921,63926],"tags":[],"class_list":["post-283376","post","type-post","status-publish","format-standard","has-post-thumbnail","hentry","category-fil-dactualite","category-25","category-slider-afficher","category-slider-general"],"_links":{"self":[{"href":"https:\/\/ami.mr\/fr\/wp-json\/wp\/v2\/posts\/283376","targetHints":{"allow":["GET"]}}],"collection":[{"href":"https:\/\/ami.mr\/fr\/wp-json\/wp\/v2\/posts"}],"about":[{"href":"https:\/\/ami.mr\/fr\/wp-json\/wp\/v2\/types\/post"}],"author":[{"embeddable":true,"href":"https:\/\/ami.mr\/fr\/wp-json\/wp\/v2\/users\/8"}],"replies":[{"embeddable":true,"href":"https:\/\/ami.mr\/fr\/wp-json\/wp\/v2\/comments?post=283376"}],"version-history":[{"count":1,"href":"https:\/\/ami.mr\/fr\/wp-json\/wp\/v2\/posts\/283376\/revisions"}],"predecessor-version":[{"id":283378,"href":"https:\/\/ami.mr\/fr\/wp-json\/wp\/v2\/posts\/283376\/revisions\/283378"}],"wp:featuredmedia":[{"embeddable":true,"href":"https:\/\/ami.mr\/fr\/wp-json\/wp\/v2\/media\/283377"}],"wp:attachment":[{"href":"https:\/\/ami.mr\/fr\/wp-json\/wp\/v2\/media?parent=283376"}],"wp:term":[{"taxonomy":"category","embeddable":true,"href":"https:\/\/ami.mr\/fr\/wp-json\/wp\/v2\/categories?post=283376"},{"taxonomy":"post_tag","embeddable":true,"href":"https:\/\/ami.mr\/fr\/wp-json\/wp\/v2\/tags?post=283376"}],"curies":[{"name":"wp","href":"https:\/\/api.w.org\/{rel}","templated":true}]}}