{"id":283209,"date":"2025-11-16T10:44:18","date_gmt":"2025-11-16T10:44:18","guid":{"rendered":"https:\/\/ami.mr\/fr\/?p=283209"},"modified":"2025-11-16T10:44:18","modified_gmt":"2025-11-16T10:44:18","slug":"cloture-de-la-onzieme-edition-du-festival-du-desert-et-de-locean","status":"publish","type":"post","link":"https:\/\/ami.mr\/fr\/archives\/283209","title":{"rendered":"Cl\u00f4ture de la onzi\u00e8me \u00e9dition du Festival du D\u00e9sert et de l&#8217;Oc\u00e9an"},"content":{"rendered":"<p>Les activit\u00e9s de la onzi\u00e8me \u00e9dition du Festival du D\u00e9sert et de l&#8217;Oc\u00e9an, organis\u00e9 par l&#8217;Association pour le d\u00e9veloppement de B\u00e9nichab et des villages similaires, se sont achev\u00e9es, samedi soir, \u00e0 B\u00e9nichab.<\/p>\n<p>Cette \u00e9dition a \u00e9t\u00e9 marqu\u00e9e par l&#8217;organisation de s\u00e9minaires scientifiques abordant plusieurs th\u00e8mes, dont l&#8217;exploitation mini\u00e8re et la pr\u00e9servation de l&#8217;environnement, ainsi que des expositions sur le patrimoine culturel de la r\u00e9gion et les meilleures fa\u00e7ons de le pr\u00e9server.<\/p>\n<p>Des prix ont, \u00e9galement, \u00e9t\u00e9 d\u00e9cern\u00e9s aux premiers laur\u00e9ats des comp\u00e9titions qui ont couvert les domaines du Saint Coran, des courses de chameaux, des jeux traditionnels, de la p\u00e9tanque, du championnat de football et du tir \u00e0 la cible.<\/p>\n<p>Dans un discours prononc\u00e9 \u00e0 cette occasion, le hakem de Benichab, M. Cheikh Mohamed El Hassen Ould Amar Beyou, a affirm\u00e9 que \u2018\u2019le festival repr\u00e9sente un \u00e9v\u00e9nement culturel que l&#8217;association organise annuellement, suscitant un grand int\u00e9r\u00eat de la part des habitants de la wilaya\u2019\u2019.<\/p>\n<p>Il a salu\u00e9 les efforts de la pr\u00e9sidente de l&#8217;association et de tous ceux qui ont contribu\u00e9 \u00e0 la p\u00e9rennit\u00e9 de ce festival, qui entre dans sa deuxi\u00e8me d\u00e9cennie avec des d\u00e9veloppements notables d&#8217;ann\u00e9e en ann\u00e9e, louant le contenu de cette \u00e9dition en termes d&#8217;offres et de comp\u00e9titions multiples et vari\u00e9es, soulignant que \u2018\u2019le patrimoine culturel symbolise notre identit\u00e9 nationale, et sa pr\u00e9servation exige la conjugaison des efforts de tous\u2019\u2019.<\/p>\n<p>De son c\u00f4t\u00e9, la pr\u00e9sidente du festival et pr\u00e9sidente de l&#8217;Association pour le d\u00e9veloppement de B\u00e9nichab et des villages similaires, Mme Emina mint Abdelaziz Ould Ahmed Mekki, a exprim\u00e9 ses \u2018\u2019remerciements \u00e0 tous ceux qui ont contribu\u00e9 au succ\u00e8s de cet important \u00e9v\u00e9nement culturel, en particulier, le minist\u00e8re de la Culture, des Arts, de la Communication et des Relations avec le Parlement\u2019\u2019.<\/p>\n<p>Elle a indiqu\u00e9 que \u2018\u2019l&#8217;\u00e9dition actuelle a inclus divers programmes, dont la sensibilisation \u00e0 l&#8217;importance de l&#8217;exploitation mini\u00e8re et \u00e0 ses impacts environnementaux, ainsi qu&#8217;une large participation des coop\u00e9ratives f\u00e9minines aux expositions\u2019\u2019.<\/p>\n<p>La cl\u00f4ture du festival s&#8217;est d\u00e9roul\u00e9e en pr\u00e9sence des \u00e9lus, des autorit\u00e9s administratives et s\u00e9curitaires, au c\u00f4t\u00e9 d&#8217;acteurs culturels.<\/p>\n","protected":false},"excerpt":{"rendered":"<p>Les activit\u00e9s de la onzi\u00e8me \u00e9dition du Festival du D\u00e9sert et de l&#8217;Oc\u00e9an, organis\u00e9 par l&#8217;Association pour le d\u00e9veloppement de B\u00e9nichab et des villages similaires, se sont achev\u00e9es, samedi soir, \u00e0 B\u00e9nichab. Cette \u00e9dition a \u00e9t\u00e9 marqu\u00e9e par l&#8217;organisation de s\u00e9minaires scientifiques abordant plusieurs th\u00e8mes, dont l&#8217;exploitation mini\u00e8re et la pr\u00e9servation de l&#8217;environnement, ainsi que [&hellip;]<\/p>\n","protected":false},"author":16,"featured_media":283210,"comment_status":"open","ping_status":"open","sticky":false,"template":"","format":"standard","meta":{"footnotes":""},"categories":[63918,63957,8672],"tags":[],"class_list":["post-283209","post","type-post","status-publish","format-standard","has-post-thumbnail","hentry","category-autres","category-fil-dactualite","category-8672"],"_links":{"self":[{"href":"https:\/\/ami.mr\/fr\/wp-json\/wp\/v2\/posts\/283209","targetHints":{"allow":["GET"]}}],"collection":[{"href":"https:\/\/ami.mr\/fr\/wp-json\/wp\/v2\/posts"}],"about":[{"href":"https:\/\/ami.mr\/fr\/wp-json\/wp\/v2\/types\/post"}],"author":[{"embeddable":true,"href":"https:\/\/ami.mr\/fr\/wp-json\/wp\/v2\/users\/16"}],"replies":[{"embeddable":true,"href":"https:\/\/ami.mr\/fr\/wp-json\/wp\/v2\/comments?post=283209"}],"version-history":[{"count":1,"href":"https:\/\/ami.mr\/fr\/wp-json\/wp\/v2\/posts\/283209\/revisions"}],"predecessor-version":[{"id":283211,"href":"https:\/\/ami.mr\/fr\/wp-json\/wp\/v2\/posts\/283209\/revisions\/283211"}],"wp:featuredmedia":[{"embeddable":true,"href":"https:\/\/ami.mr\/fr\/wp-json\/wp\/v2\/media\/283210"}],"wp:attachment":[{"href":"https:\/\/ami.mr\/fr\/wp-json\/wp\/v2\/media?parent=283209"}],"wp:term":[{"taxonomy":"category","embeddable":true,"href":"https:\/\/ami.mr\/fr\/wp-json\/wp\/v2\/categories?post=283209"},{"taxonomy":"post_tag","embeddable":true,"href":"https:\/\/ami.mr\/fr\/wp-json\/wp\/v2\/tags?post=283209"}],"curies":[{"name":"wp","href":"https:\/\/api.w.org\/{rel}","templated":true}]}}