{"id":282878,"date":"2025-11-11T20:46:54","date_gmt":"2025-11-11T20:46:54","guid":{"rendered":"https:\/\/ami.mr\/fr\/?p=282878"},"modified":"2025-11-11T20:46:54","modified_gmt":"2025-11-11T20:46:54","slug":"le-ministre-des-affaires-economiques-et-du-developpement-recoit-lambassadeur-de-linde-dans-notre-pays","status":"publish","type":"post","link":"https:\/\/ami.mr\/fr\/archives\/282878","title":{"rendered":"Le ministre des Affaires \u00e9conomiques et du D\u00e9veloppement re\u00e7oit l&#8217;ambassadeur de l&#8217;Inde dans notre pays"},"content":{"rendered":"<div class=\"row\">\n<div class=\"cell auto-size bd-gray\" dir=\"ltr\"><\/div>\n<\/div>\n<div class=\"row\">\n<div class=\"cell auto-size\">\n<div class=\"set-border bd-gray padding10 margin10 no-margin-right no-margin-left \" dir=\"ltr\">\n<p>Le ministre des Affaires \u00e9conomiques et du D\u00e9veloppement, M. Abdellahi Souleymane Cheikh Sidiya, a re\u00e7u, cet apr\u00e8s-midi, mardi, au minist\u00e8re, Son Excellence M. Naresh Kumar, ambassadeur de l&#8217;Inde accr\u00e9dit\u00e9 aupr\u00e8s de la Mauritanie.<\/p>\n<p>La rencontre a port\u00e9 sur les moyens de d\u00e9velopper le partenariat existant entre les deux pays amis, en mettant un accent particulier sur les domaines \u00e9conomiques et de d\u00e9veloppement d&#8217;int\u00e9r\u00eat commun.<\/p>\n<p>Les deux parties ont \u00e9galement discut\u00e9 de l&#8217;importance de poursuivre la coordination pour explorer de nouvelles perspectives de coop\u00e9ration future au service des int\u00e9r\u00eats mutuels des peuples mauritanien et indien.<\/p>\n<p>La rencontre s&#8217;est d\u00e9roul\u00e9e en pr\u00e9sence du directeur g\u00e9n\u00e9ral des Financements et de la Coop\u00e9ration \u00c9conomique, M. Mohamed Salem Ould Nani.<\/p>\n<\/div>\n<\/div>\n<\/div>\n","protected":false},"excerpt":{"rendered":"<p>Le ministre des Affaires \u00e9conomiques et du D\u00e9veloppement, M. Abdellahi Souleymane Cheikh Sidiya, a re\u00e7u, cet apr\u00e8s-midi, mardi, au minist\u00e8re, Son Excellence M. Naresh Kumar, ambassadeur de l&#8217;Inde accr\u00e9dit\u00e9 aupr\u00e8s de la Mauritanie. La rencontre a port\u00e9 sur les moyens de d\u00e9velopper le partenariat existant entre les deux pays amis, en mettant un accent particulier [&hellip;]<\/p>\n","protected":false},"author":8,"featured_media":282879,"comment_status":"open","ping_status":"open","sticky":false,"template":"","format":"standard","meta":{"footnotes":""},"categories":[63918,63957],"tags":[],"class_list":["post-282878","post","type-post","status-publish","format-standard","has-post-thumbnail","hentry","category-autres","category-fil-dactualite"],"_links":{"self":[{"href":"https:\/\/ami.mr\/fr\/wp-json\/wp\/v2\/posts\/282878","targetHints":{"allow":["GET"]}}],"collection":[{"href":"https:\/\/ami.mr\/fr\/wp-json\/wp\/v2\/posts"}],"about":[{"href":"https:\/\/ami.mr\/fr\/wp-json\/wp\/v2\/types\/post"}],"author":[{"embeddable":true,"href":"https:\/\/ami.mr\/fr\/wp-json\/wp\/v2\/users\/8"}],"replies":[{"embeddable":true,"href":"https:\/\/ami.mr\/fr\/wp-json\/wp\/v2\/comments?post=282878"}],"version-history":[{"count":1,"href":"https:\/\/ami.mr\/fr\/wp-json\/wp\/v2\/posts\/282878\/revisions"}],"predecessor-version":[{"id":282880,"href":"https:\/\/ami.mr\/fr\/wp-json\/wp\/v2\/posts\/282878\/revisions\/282880"}],"wp:featuredmedia":[{"embeddable":true,"href":"https:\/\/ami.mr\/fr\/wp-json\/wp\/v2\/media\/282879"}],"wp:attachment":[{"href":"https:\/\/ami.mr\/fr\/wp-json\/wp\/v2\/media?parent=282878"}],"wp:term":[{"taxonomy":"category","embeddable":true,"href":"https:\/\/ami.mr\/fr\/wp-json\/wp\/v2\/categories?post=282878"},{"taxonomy":"post_tag","embeddable":true,"href":"https:\/\/ami.mr\/fr\/wp-json\/wp\/v2\/tags?post=282878"}],"curies":[{"name":"wp","href":"https:\/\/api.w.org\/{rel}","templated":true}]}}