{"id":282855,"date":"2025-11-11T19:34:10","date_gmt":"2025-11-11T19:34:10","guid":{"rendered":"https:\/\/ami.mr\/fr\/?p=282855"},"modified":"2025-11-11T19:34:10","modified_gmt":"2025-11-11T19:34:10","slug":"le-wali-de-linchiri-effectue-une-visite-aux-installations-educatives-et-sanitaires-de-mhaijratt","status":"publish","type":"post","link":"https:\/\/ami.mr\/fr\/archives\/282855","title":{"rendered":"Le wali de l&#8217;Inchiri effectue une visite aux installations \u00e9ducatives et sanitaires de Mhaijratt"},"content":{"rendered":"<div class=\"row\"><\/div>\n<div class=\"row\">\n<div class=\"cell auto-size\">\n<div class=\"set-border bd-gray padding10 margin10 no-margin-right no-margin-left \" dir=\"ltr\">\n<p>Le wali de l&#8217;Inchiri, M. Idrissa Demba Koureira, a effectu\u00e9 mardi une visite de terrain aux \u00e9coles des villages de Blewakh, Lemsid et Mhaijratt, ainsi qu&#8217;aux points de sant\u00e9, dans le cadre de son programme de visites d&#8217;inspection et d&#8217;information dans la moughataa de Benichab pour suivre le niveau des services fournis aux citoyens.<\/p>\n<p>La visite a \u00e9galement inclus la maternelle de Blewakh, les stations de dessalement d&#8217;eau de mer et les travaux en cours du projet d&#8217;\u00e9lectrification des villages c\u00f4tiers.<\/p>\n<p>\u00c0 la premi\u00e8re \u00e9tape de la visite, le wali a pr\u00e9sid\u00e9 la c\u00e9r\u00e9monie de lever du drapeau national au son de l&#8217;hymne national interpr\u00e9t\u00e9 par les \u00e9l\u00e8ves de l&#8217;\u00e9cole de Blewakh, avant d&#8217;effectuer une tourn\u00e9e de terrain dans les diff\u00e9rentes classes des \u00e9coles visit\u00e9es pour suivre le d\u00e9roulement des cours, \u00e9valuer le niveau des \u00e9l\u00e8ves et identifier les lacunes afin de les surmonter.<\/p>\n<p>Il a tenu une r\u00e9union avec les habitants de la commune de Mhaijratt, consacr\u00e9e \u00e0 la pr\u00e9sentation des programmes de d\u00e9veloppement actuellement en cours d&#8217;ex\u00e9cution et de ceux pr\u00e9vus pour l&#8217;ann\u00e9e prochaine, avant de donner la parole aux citoyens pour \u00e9couter leurs probl\u00e8mes et leurs demandes.<\/p>\n<p>Dans son discours lors de la r\u00e9union, il a indiqu\u00e9 que cette visite s&#8217;inscrit dans le cadre de la politique de rapprochement de l&#8217;administration des citoyens, d&#8217;\u00e9valuation du niveau des services qui leur sont fournis et d&#8217;identification des lacunes et des probl\u00e8mes rencontr\u00e9s afin de les r\u00e9soudre le plus rapidement possible, conform\u00e9ment aux directives de Son Excellence le Pr\u00e9sident de la R\u00e9publique, M. Mohamed Ould Cheikh El Ghazouani.<\/p>\n<p>Il a affirm\u00e9 que tous les probl\u00e8mes soulev\u00e9s lors de la pr\u00e9c\u00e9dente visite ont \u00e9t\u00e9 enti\u00e8rement r\u00e9solus, soulignant que les probl\u00e8mes d&#8217;eau et d&#8217;\u00e9lectricit\u00e9 dans les villages c\u00f4tiers seront bient\u00f4t surmont\u00e9s gr\u00e2ce aux projets d&#8217;\u00e9lectrification des villages c\u00f4tiers et aux stations de dessalement qui entreront en service tr\u00e8s prochainement.<\/p>\n<p>Le wali a pass\u00e9 en revue les objectifs et les finalit\u00e9s de l&#8217;\u00c9cole R\u00e9publicaine en tant que projet soci\u00e9tal inclusif qui corrige les principales lacunes qui existaient dans le syst\u00e8me \u00e9ducatif, soulignant que les parents doivent s&#8217;int\u00e9resser \u00e0 l&#8217;\u00e9ducation et suivre leurs enfants afin d&#8217;assurer l&#8217;avenir des g\u00e9n\u00e9rations futures, et les appelant \u00e0 soutenir l&#8217;\u00c9cole R\u00e9publicaine qui consolidera les piliers de l&#8217;unit\u00e9 nationale et cr\u00e9era une g\u00e9n\u00e9ration capable de contribuer positivement \u00e0 la construction de la nation.<\/p>\n<p>Il a appel\u00e9 les habitants \u00e0 \u0153uvrer au d\u00e9veloppement du secteur de la p\u00eache artisanale, indiquant que la commune de Mheijrat verra l&#8217;ann\u00e9e prochaine la construction d&#8217;un march\u00e9 int\u00e9gr\u00e9 \u00e9quip\u00e9 de r\u00e9frig\u00e9rateurs pour soutenir les coop\u00e9ratives f\u00e9minines.<\/p>\n<p>Les intervenants ont unanimement soulign\u00e9 l&#8217;importance des programmes mis en \u0153uvre par le gouvernement au niveau de la commune de Mheijrat, notamment dans les domaines de l&#8217;eau et de l&#8217;\u00e9lectricit\u00e9, qui constituaient une ancienne revendication des habitants, demandant l&#8217;organisation de la p\u00eache artisanale de mani\u00e8re \u00e0 garantir le b\u00e9n\u00e9fice des populations locales, et exprimant leurs remerciements au Wali pour sa proximit\u00e9 avec les citoyens et son int\u00e9r\u00eat pour leurs demandes.<\/p>\n<p>Le wali \u00e9tait accompagn\u00e9 lors de la visite par le Conseiller charg\u00e9 des Affaires \u00e9conomiques et du D\u00e9veloppement local, le Hakem de la moughataa de Benichab, le Chef de l\u2019arrondissement de Mhaijratt, l&#8217;adjoint au Maire de la commune de Mhaijratt, le directeur r\u00e9gional de l&#8217;\u00c9ducation et de la R\u00e9forme du Syst\u00e8me \u00e9ducatif, et les chefs des services de s\u00e9curit\u00e9 de la wilaya.<\/p>\n<\/div>\n<\/div>\n<\/div>\n","protected":false},"excerpt":{"rendered":"<p>Le wali de l&#8217;Inchiri, M. Idrissa Demba Koureira, a effectu\u00e9 mardi une visite de terrain aux \u00e9coles des villages de Blewakh, Lemsid et Mhaijratt, ainsi qu&#8217;aux points de sant\u00e9, dans le cadre de son programme de visites d&#8217;inspection et d&#8217;information dans la moughataa de Benichab pour suivre le niveau des services fournis aux citoyens. La [&hellip;]<\/p>\n","protected":false},"author":8,"featured_media":282859,"comment_status":"open","ping_status":"open","sticky":false,"template":"","format":"standard","meta":{"footnotes":""},"categories":[63918,63957],"tags":[],"class_list":["post-282855","post","type-post","status-publish","format-standard","has-post-thumbnail","hentry","category-autres","category-fil-dactualite"],"_links":{"self":[{"href":"https:\/\/ami.mr\/fr\/wp-json\/wp\/v2\/posts\/282855","targetHints":{"allow":["GET"]}}],"collection":[{"href":"https:\/\/ami.mr\/fr\/wp-json\/wp\/v2\/posts"}],"about":[{"href":"https:\/\/ami.mr\/fr\/wp-json\/wp\/v2\/types\/post"}],"author":[{"embeddable":true,"href":"https:\/\/ami.mr\/fr\/wp-json\/wp\/v2\/users\/8"}],"replies":[{"embeddable":true,"href":"https:\/\/ami.mr\/fr\/wp-json\/wp\/v2\/comments?post=282855"}],"version-history":[{"count":1,"href":"https:\/\/ami.mr\/fr\/wp-json\/wp\/v2\/posts\/282855\/revisions"}],"predecessor-version":[{"id":282860,"href":"https:\/\/ami.mr\/fr\/wp-json\/wp\/v2\/posts\/282855\/revisions\/282860"}],"wp:featuredmedia":[{"embeddable":true,"href":"https:\/\/ami.mr\/fr\/wp-json\/wp\/v2\/media\/282859"}],"wp:attachment":[{"href":"https:\/\/ami.mr\/fr\/wp-json\/wp\/v2\/media?parent=282855"}],"wp:term":[{"taxonomy":"category","embeddable":true,"href":"https:\/\/ami.mr\/fr\/wp-json\/wp\/v2\/categories?post=282855"},{"taxonomy":"post_tag","embeddable":true,"href":"https:\/\/ami.mr\/fr\/wp-json\/wp\/v2\/tags?post=282855"}],"curies":[{"name":"wp","href":"https:\/\/api.w.org\/{rel}","templated":true}]}}