{"id":281857,"date":"2025-10-28T20:10:04","date_gmt":"2025-10-28T20:10:04","guid":{"rendered":"https:\/\/ami.mr\/fr\/?p=281857"},"modified":"2025-10-28T20:10:04","modified_gmt":"2025-10-28T20:10:04","slug":"lassemblee-nationale-approuve-un-projet-de-loi-modifiant-et-completant-certaines-dispositions-de-la-loi-relative-a-la-pharmacie","status":"publish","type":"post","link":"https:\/\/ami.mr\/fr\/archives\/281857","title":{"rendered":"L&#8217;Assembl\u00e9e nationale approuve un projet de loi modifiant et compl\u00e9tant certaines dispositions de la loi relative \u00e0 la pharmacie"},"content":{"rendered":"<div class=\"row\"><\/div>\n<div class=\"row\">\n<div class=\"cell auto-size\">\n<div class=\"set-border bd-gray padding10 margin10 no-margin-right no-margin-left \" dir=\"ltr\">\n<p>L&#8217;Assembl\u00e9e nationale, lors de sa s\u00e9ance publique tenue ce mardi, pr\u00e9sid\u00e9e par M. Mohamed Bemba Meguett, pr\u00e9sident de l&#8217;Assembl\u00e9e, a approuv\u00e9 un projet de loi modifiant et compl\u00e9tant certaines dispositions de la loi n\u00b0 022-2010, promulgu\u00e9e le 10 f\u00e9vrier 2010, modifi\u00e9e et compl\u00e9t\u00e9e par la loi n\u00b0 029-2015, promulgu\u00e9e le 8 septembre 2015, relative \u00e0 la pharmacie.<\/p>\n<p>Dans sa pr\u00e9sentation du projet de loi devant les d\u00e9put\u00e9s, le ministre de la Sant\u00e9, M. Mohamed Mahmoud Ould Ely Mahmoud, a expliqu\u00e9 que le secteur vise \u00e0 renforcer la confiance dans les m\u00e9dicaments, conform\u00e9ment \u00e0 un programme national ambitieux qui incarne la vision du gouvernement visant \u00e0 am\u00e9liorer la qualit\u00e9 des m\u00e9dicaments, \u00e0 accro\u00eetre la confiance des citoyens dans le syst\u00e8me de sant\u00e9, \u00e0 r\u00e9glementer et contr\u00f4ler le march\u00e9 des m\u00e9dicaments, et \u00e0 am\u00e9liorer la qualit\u00e9 des produits nutritionnels, des lunettes et des dispositifs m\u00e9dicaux.<\/p>\n<p>Il a ajout\u00e9 que le minist\u00e8re s&#8217;efforce de r\u00e9glementer et de classer ces mat\u00e9riaux pour garantir le contr\u00f4le et la responsabilisation, et qu&#8217;il a impliqu\u00e9 tous les acteurs du secteur pour obtenir les meilleurs r\u00e9sultats, expliquant que les amendements inclus dans la loi couvraient 40 articles et concernaient la r\u00e9organisation du Comit\u00e9 national d&#8217;enregistrement des m\u00e9dicaments; l&#8217;\u00e9largissement des pouvoirs du Laboratoire national de contr\u00f4le de la qualit\u00e9 des m\u00e9dicaments; et le lancement de deux plateformes \u00e9lectroniques: la premi\u00e8re pour l&#8217;enregistrement des m\u00e9dicaments, et la seconde pour leur suivi num\u00e9rique via des num\u00e9ros de s\u00e9rie.<\/p>\n<p>Il a pr\u00e9cis\u00e9 que les amendements comprenaient \u00e9galement de nouvelles dispositions visant \u00e0 simplifier les proc\u00e9dures d&#8217;inspection et \u00e0 introduire de nouvelles sanctions administratives pour les contrevenants; ainsi que le renforcement de la coordination entre les organismes de r\u00e9glementation et l&#8217;organisation du secteur pharmaceutique; en plus de l&#8217;ajout de nouveaux domaines \u00e0 la loi tels que le domaine optique, les produits cosm\u00e9tiques, les produits d&#8217;hygi\u00e8ne et les r\u00e9gimes alimentaires; et la d\u00e9finition de conditions strictes pour la fabrication, l&#8217;importation, le stockage et la livraison de substances pharmaceutiques dangereuses, toxiques et stup\u00e9fiantes.<\/p>\n<p>Le ministre a soulign\u00e9 que les amendements propos\u00e9s comprenaient de nouvelles dispositions qui contribueraient \u00e0 la lutte contre l&#8217;importation et la vente de produits et de dispositifs m\u00e9dicaux de qualit\u00e9 inf\u00e9rieure ou contrefaits; et le durcissement des sanctions li\u00e9es aux infractions de qualit\u00e9 ou \u00e0 l&#8217;exercice ill\u00e9gal de la pharmacie, en plus de l&#8217;\u00e9tablissement du cadre r\u00e9glementaire pour la fabrication locale de m\u00e9dicaments; et l&#8217;abrogation de l&#8217;article 152 qui interdisait l&#8217;application r\u00e9troactive de la loi sur la propri\u00e9t\u00e9 des anciennes pharmacies; ainsi que la modification de l&#8217;article 64 pour limiter la prescription de m\u00e9dicaments aux cat\u00e9gories param\u00e9dicales autoris\u00e9es uniquement au sein des \u00e9tablissements de sant\u00e9 publics.<\/p>\n<p>\u00c0 leur tour, les d\u00e9put\u00e9s ont soulign\u00e9 l&#8217;importance du projet de loi et ont abord\u00e9, dans leurs interventions, la n\u00e9cessit\u00e9 d&#8217;am\u00e9liorer la qualit\u00e9 des m\u00e9dicaments, d&#8217;unifier leurs prix et de contr\u00f4ler et r\u00e9glementer les licences.<\/p>\n<p>Ils ont \u00e9galement appel\u00e9 \u00e0 l&#8217;am\u00e9lioration des infrastructures hospitali\u00e8res, au nettoyage des centres hospitaliers nationaux, au renforcement des laboratoires nationaux et \u00e0 la poursuite des efforts dans les domaines du transport et de la r\u00e9frig\u00e9ration des m\u00e9dicaments, entre autres.<\/p>\n<\/div>\n<\/div>\n<\/div>\n","protected":false},"excerpt":{"rendered":"<p>L&#8217;Assembl\u00e9e nationale, lors de sa s\u00e9ance publique tenue ce mardi, pr\u00e9sid\u00e9e par M. Mohamed Bemba Meguett, pr\u00e9sident de l&#8217;Assembl\u00e9e, a approuv\u00e9 un projet de loi modifiant et compl\u00e9tant certaines dispositions de la loi n\u00b0 022-2010, promulgu\u00e9e le 10 f\u00e9vrier 2010, modifi\u00e9e et compl\u00e9t\u00e9e par la loi n\u00b0 029-2015, promulgu\u00e9e le 8 septembre 2015, relative \u00e0 [&hellip;]<\/p>\n","protected":false},"author":8,"featured_media":281858,"comment_status":"open","ping_status":"open","sticky":false,"template":"","format":"standard","meta":{"footnotes":""},"categories":[63920,63957],"tags":[],"class_list":["post-281857","post","type-post","status-publish","format-standard","has-post-thumbnail","hentry","category-a-la-une","category-fil-dactualite"],"_links":{"self":[{"href":"https:\/\/ami.mr\/fr\/wp-json\/wp\/v2\/posts\/281857","targetHints":{"allow":["GET"]}}],"collection":[{"href":"https:\/\/ami.mr\/fr\/wp-json\/wp\/v2\/posts"}],"about":[{"href":"https:\/\/ami.mr\/fr\/wp-json\/wp\/v2\/types\/post"}],"author":[{"embeddable":true,"href":"https:\/\/ami.mr\/fr\/wp-json\/wp\/v2\/users\/8"}],"replies":[{"embeddable":true,"href":"https:\/\/ami.mr\/fr\/wp-json\/wp\/v2\/comments?post=281857"}],"version-history":[{"count":1,"href":"https:\/\/ami.mr\/fr\/wp-json\/wp\/v2\/posts\/281857\/revisions"}],"predecessor-version":[{"id":281859,"href":"https:\/\/ami.mr\/fr\/wp-json\/wp\/v2\/posts\/281857\/revisions\/281859"}],"wp:featuredmedia":[{"embeddable":true,"href":"https:\/\/ami.mr\/fr\/wp-json\/wp\/v2\/media\/281858"}],"wp:attachment":[{"href":"https:\/\/ami.mr\/fr\/wp-json\/wp\/v2\/media?parent=281857"}],"wp:term":[{"taxonomy":"category","embeddable":true,"href":"https:\/\/ami.mr\/fr\/wp-json\/wp\/v2\/categories?post=281857"},{"taxonomy":"post_tag","embeddable":true,"href":"https:\/\/ami.mr\/fr\/wp-json\/wp\/v2\/tags?post=281857"}],"curies":[{"name":"wp","href":"https:\/\/api.w.org\/{rel}","templated":true}]}}