{"id":281686,"date":"2025-10-27T09:57:54","date_gmt":"2025-10-27T09:57:54","guid":{"rendered":"https:\/\/ami.mr\/fr\/?p=281686"},"modified":"2025-10-27T11:23:18","modified_gmt":"2025-10-27T11:23:18","slug":"depart-du-ministre-de-la-culture-au-senegal","status":"publish","type":"post","link":"https:\/\/ami.mr\/fr\/archives\/281686","title":{"rendered":"D\u00e9part du ministre de la Culture au S\u00e9n\u00e9gal"},"content":{"rendered":"<p>Le ministre de la Culture, des Arts, de la communication et des Relations avec le parlement, M. Houssein Ould Medou a quitt\u00e9 Nouakchott dimanche soir pour Dakar.<\/p>\n<p>Dans la capitale s\u00e9n\u00e9galaise, le ministre prendra part aux travaux d\u2019un forum r\u00e9gional sur l&#8217;acc\u00e8s \u00e0 l&#8217;information qui d\u00e9bute ce lundi.<\/p>\n","protected":false},"excerpt":{"rendered":"<p>Le ministre de la Culture, des Arts, de la communication et des Relations avec le parlement, M. Houssein Ould Medou a quitt\u00e9 Nouakchott dimanche soir pour Dakar. Dans la capitale s\u00e9n\u00e9galaise, le ministre prendra part aux travaux d\u2019un forum r\u00e9gional sur l&#8217;acc\u00e8s \u00e0 l&#8217;information qui d\u00e9bute ce lundi.<\/p>\n","protected":false},"author":18,"featured_media":281687,"comment_status":"open","ping_status":"open","sticky":false,"template":"","format":"standard","meta":{"footnotes":""},"categories":[63918,63957,25],"tags":[],"class_list":["post-281686","post","type-post","status-publish","format-standard","has-post-thumbnail","hentry","category-autres","category-fil-dactualite","category-25"],"_links":{"self":[{"href":"https:\/\/ami.mr\/fr\/wp-json\/wp\/v2\/posts\/281686","targetHints":{"allow":["GET"]}}],"collection":[{"href":"https:\/\/ami.mr\/fr\/wp-json\/wp\/v2\/posts"}],"about":[{"href":"https:\/\/ami.mr\/fr\/wp-json\/wp\/v2\/types\/post"}],"author":[{"embeddable":true,"href":"https:\/\/ami.mr\/fr\/wp-json\/wp\/v2\/users\/18"}],"replies":[{"embeddable":true,"href":"https:\/\/ami.mr\/fr\/wp-json\/wp\/v2\/comments?post=281686"}],"version-history":[{"count":2,"href":"https:\/\/ami.mr\/fr\/wp-json\/wp\/v2\/posts\/281686\/revisions"}],"predecessor-version":[{"id":281695,"href":"https:\/\/ami.mr\/fr\/wp-json\/wp\/v2\/posts\/281686\/revisions\/281695"}],"wp:featuredmedia":[{"embeddable":true,"href":"https:\/\/ami.mr\/fr\/wp-json\/wp\/v2\/media\/281687"}],"wp:attachment":[{"href":"https:\/\/ami.mr\/fr\/wp-json\/wp\/v2\/media?parent=281686"}],"wp:term":[{"taxonomy":"category","embeddable":true,"href":"https:\/\/ami.mr\/fr\/wp-json\/wp\/v2\/categories?post=281686"},{"taxonomy":"post_tag","embeddable":true,"href":"https:\/\/ami.mr\/fr\/wp-json\/wp\/v2\/tags?post=281686"}],"curies":[{"name":"wp","href":"https:\/\/api.w.org\/{rel}","templated":true}]}}