{"id":281594,"date":"2025-10-24T16:59:11","date_gmt":"2025-10-24T16:59:11","guid":{"rendered":"https:\/\/ami.mr\/fr\/?p=281594"},"modified":"2025-10-24T16:59:11","modified_gmt":"2025-10-24T16:59:11","slug":"le-wali-du-gorgol-visite-deux-communes","status":"publish","type":"post","link":"https:\/\/ami.mr\/fr\/archives\/281594","title":{"rendered":"Le wali du Gorgol visite deux communes"},"content":{"rendered":"<p>Le wali du Gorgol, M. Mohamed El Mokhtar Ould Abdi, a effectu\u00e9, jeudi, une visite de terrain dans les municipalit\u00e9s de Lekseiba et de Ganki, dans le cadre de la campagne nationale en cours pour la pr\u00e9servation des p\u00e2turages et la lutte contre le feu de brousse pendant la saison pastorale actuelle.<\/p>\n<p>Dans toutes les \u00e9tapes de la visite, le wali a \u00e9cout\u00e9 des pr\u00e9sentations et des explications techniques sur les plans de terrain \u00e0 mettre en \u0153uvre dans les zones les plus expos\u00e9es aux feux au cours des prochaines semaines, ainsi que les efforts d\u00e9ploy\u00e9s dans ce domaine, exhortant les autorit\u00e9s locales et la population \u00e0 se mobiliser s\u00e9rieusement et \u00e0 participer activement au succ\u00e8s de cette campagne, soulignant que la protection des p\u00e2turages est une responsabilit\u00e9 collective qui exige la coop\u00e9ration de tous pour pr\u00e9server les ressources naturelles.<\/p>\n<p>Il a indiqu\u00e9 que \u2018\u2019ces efforts s&#8217;inscrivent dans le cadre des directives de Son Excellence le Pr\u00e9sident de la R\u00e9publique, Monsieur Mohamed Ould Cheikh El Ghazouani, visant \u00e0 prot\u00e9ger le cheptel et \u00e0 pr\u00e9server la couverture v\u00e9g\u00e9tale, consid\u00e9r\u00e9s comme des piliers du d\u00e9veloppement rural durable\u2019\u2019.<\/p>\n<p>Dans ce contexte, le d\u00e9l\u00e9gu\u00e9 r\u00e9gional du minist\u00e8re de l&#8217;Environnement au niveau de la wilaya, M. Abdallah Hamdi Abdessalam, a indiqu\u00e9 que son \u2018\u2019d\u00e9partement a achev\u00e9 toutes les pr\u00e9parations techniques et de terrain, soulignant que les travaux commenceront bient\u00f4t en coordination avec les autorit\u00e9s administratives et municipales pour cr\u00e9er un r\u00e9seau de routes de protection dans les zones pastorales sensibles afin d&#8217;assurer la protection de la couverture v\u00e9g\u00e9tale et r\u00e9duire les risques de feux de brousse saisonniers\u2019\u2019.<\/p>\n<p>Ajoutant que des comit\u00e9s environnementaux ont \u00e9t\u00e9 form\u00e9s au niveau de ces municipalit\u00e9s, dans le cadre des efforts visant \u00e0 renforcer la pr\u00e9servation des p\u00e2turages et la couverture v\u00e9g\u00e9tale, soulignant que \u2018\u2019la saison actuelle a \u00e9t\u00e9 caract\u00e9ris\u00e9e par des pr\u00e9cipitations importantes, ce qui n\u00e9cessite de redoubler d&#8217;efforts pour prot\u00e9ger les p\u00e2turages des contre les incendies et les facteurs mena\u00e7ant l&#8217;environnement\u2019\u2019.<\/p>\n<p>De leur c\u00f4t\u00e9, les repr\u00e9sentants des d\u00e9partements de la sant\u00e9, de l&#8217;\u00e9ducation et de l\u2019\u00e9levage ont pr\u00e9sent\u00e9 des expos\u00e9s sur leurs activit\u00e9s dans les municipalit\u00e9s visit\u00e9es.<\/p>\n<p>A leur tour, les maires de Lekseiba et de Ganki, respectivement M. Aboubacar Tiboua et M. Eddi Ould Sid\u2019elemine, ont \u00e9galement, pr\u00e9sent\u00e9 les efforts de leurs municipalit\u00e9s en mati\u00e8re de pr\u00e9servation des p\u00e2turages, mettant en exergue la collaboration des \u00e9lus locaux, des \u00e9leveurs et des agriculteurs.<\/p>\n<p>Le wali \u00e9tait accompagn\u00e9, lors de cette visite, par son conseiller charg\u00e9 des affaires politiques et sociales, le hakem de Lekseiba et les autorit\u00e9s de s\u00e9curit\u00e9 de la wilaya.<\/p>\n","protected":false},"excerpt":{"rendered":"<p>Le wali du Gorgol, M. Mohamed El Mokhtar Ould Abdi, a effectu\u00e9, jeudi, une visite de terrain dans les municipalit\u00e9s de Lekseiba et de Ganki, dans le cadre de la campagne nationale en cours pour la pr\u00e9servation des p\u00e2turages et la lutte contre le feu de brousse pendant la saison pastorale actuelle. Dans toutes les [&hellip;]<\/p>\n","protected":false},"author":53,"featured_media":281595,"comment_status":"open","ping_status":"open","sticky":false,"template":"","format":"standard","meta":{"footnotes":""},"categories":[63918,63957,63923,8672],"tags":[],"class_list":["post-281594","post","type-post","status-publish","format-standard","has-post-thumbnail","hentry","category-autres","category-fil-dactualite","category-slider-wilayas","category-8672"],"_links":{"self":[{"href":"https:\/\/ami.mr\/fr\/wp-json\/wp\/v2\/posts\/281594","targetHints":{"allow":["GET"]}}],"collection":[{"href":"https:\/\/ami.mr\/fr\/wp-json\/wp\/v2\/posts"}],"about":[{"href":"https:\/\/ami.mr\/fr\/wp-json\/wp\/v2\/types\/post"}],"author":[{"embeddable":true,"href":"https:\/\/ami.mr\/fr\/wp-json\/wp\/v2\/users\/53"}],"replies":[{"embeddable":true,"href":"https:\/\/ami.mr\/fr\/wp-json\/wp\/v2\/comments?post=281594"}],"version-history":[{"count":1,"href":"https:\/\/ami.mr\/fr\/wp-json\/wp\/v2\/posts\/281594\/revisions"}],"predecessor-version":[{"id":281596,"href":"https:\/\/ami.mr\/fr\/wp-json\/wp\/v2\/posts\/281594\/revisions\/281596"}],"wp:featuredmedia":[{"embeddable":true,"href":"https:\/\/ami.mr\/fr\/wp-json\/wp\/v2\/media\/281595"}],"wp:attachment":[{"href":"https:\/\/ami.mr\/fr\/wp-json\/wp\/v2\/media?parent=281594"}],"wp:term":[{"taxonomy":"category","embeddable":true,"href":"https:\/\/ami.mr\/fr\/wp-json\/wp\/v2\/categories?post=281594"},{"taxonomy":"post_tag","embeddable":true,"href":"https:\/\/ami.mr\/fr\/wp-json\/wp\/v2\/tags?post=281594"}],"curies":[{"name":"wp","href":"https:\/\/api.w.org\/{rel}","templated":true}]}}