{"id":281539,"date":"2025-10-23T19:53:37","date_gmt":"2025-10-23T19:53:37","guid":{"rendered":"https:\/\/ami.mr\/fr\/?p=281539"},"modified":"2025-10-23T19:53:37","modified_gmt":"2025-10-23T19:53:37","slug":"cloture-des-ateliers-de-planification-regionale-au-niveau-de-la-wilaya-de-dakhlet-nouadhibou","status":"publish","type":"post","link":"https:\/\/ami.mr\/fr\/archives\/281539","title":{"rendered":"Cl\u00f4ture des ateliers de planification r\u00e9gionale au niveau de la wilaya de Dakhlet Nouadhibou"},"content":{"rendered":"<p>Le Ministre de l&#8217;Enseignement Sup\u00e9rieur et de la Recherche Scientifique, M. Yacoub Ould Moine, accompagn\u00e9 du Wali de Dakhlet Nouadhibou, M. Mahi Ould Hamed, a supervis\u00e9, cet apr\u00e8s-midi, jeudi, \u00e0 Nouadhibou, la cl\u00f4ture des ateliers de planification r\u00e9gionale au niveau de la wilaya de Dakhlet Nouadhibou.<\/p>\n<p>Ces ateliers ont dur\u00e9 quatre jours, avec la participation d&#8217;\u00e9lus, d&#8217;acteurs locaux et d&#8217;organisations de la soci\u00e9t\u00e9 civile. Diverses lacunes et d\u00e9fis entravant le d\u00e9veloppement de la wilaya ont \u00e9t\u00e9 soulev\u00e9s et discut\u00e9s, et le rapport final, comprenant les demandes et les solutions qui contribueront au d\u00e9veloppement de la wilaya dans les domaines de la sant\u00e9, de l&#8217;\u00e9ducation, de la p\u00eache, des mines, de l&#8217;industrie, du tourisme et des infrastructures, ainsi que l&#8217;am\u00e9lioration des services dans certaines installations vitales comme l&#8217;eau et l&#8217;\u00e9lectricit\u00e9, a \u00e9t\u00e9 \u00e9labor\u00e9.<\/p>\n<p>Le Ministre a exprim\u00e9 sa satisfaction quant au succ\u00e8s de ces journ\u00e9es et aux r\u00e9sultats constructifs obtenus apr\u00e8s des discussions s\u00e9rieuses et franches, qui ont inclus un diagnostic de la r\u00e9alit\u00e9 de la wilaya, un examen de ses probl\u00e8mes et l&#8217;\u00e9laboration de visions r\u00e9alistes pour surmonter ces probl\u00e8mes.<\/p>\n<p>Il a soulign\u00e9 le grand int\u00e9r\u00eat manifest\u00e9 \u00e0 travers les interventions des participants pour le d\u00e9veloppement de la wilaya et la prise de conscience des obstacles auxquels elle est confront\u00e9e et des solutions n\u00e9cessaires pour lever ces obstacles, indiquant que la d\u00e9l\u00e9gation transmettra le message des participants \u00e0 ces ateliers au gouvernement, qui comprend l&#8217;aspiration \u00e0 la cr\u00e9ation de projets structurels pour le d\u00e9veloppement de la wilaya.<\/p>\n<p>La cl\u00f4ture des ateliers de planification r\u00e9gionale au niveau de la wilaya de Dakhlet Nouadhibou s&#8217;est d\u00e9roul\u00e9e en pr\u00e9sence d&#8217;un conseiller \u00e0 la Pr\u00e9sidence de la R\u00e9publique, d&#8217;un conseiller du Premier Ministre, du vice-pr\u00e9sident de la r\u00e9gion, des hakems des moughataas de Nouadhibou et de Chami, les maires des communes, les chefs des arrondissements, les commandants des appareils militaires et de s\u00e9curit\u00e9 de la wilaya, les directeurs r\u00e9gionaux, les acteurs locaux et les organisations de la soci\u00e9t\u00e9 civile.<\/p>\n","protected":false},"excerpt":{"rendered":"<p>Le Ministre de l&#8217;Enseignement Sup\u00e9rieur et de la Recherche Scientifique, M. Yacoub Ould Moine, accompagn\u00e9 du Wali de Dakhlet Nouadhibou, M. Mahi Ould Hamed, a supervis\u00e9, cet apr\u00e8s-midi, jeudi, \u00e0 Nouadhibou, la cl\u00f4ture des ateliers de planification r\u00e9gionale au niveau de la wilaya de Dakhlet Nouadhibou. Ces ateliers ont dur\u00e9 quatre jours, avec la participation [&hellip;]<\/p>\n","protected":false},"author":5,"featured_media":281540,"comment_status":"open","ping_status":"open","sticky":false,"template":"","format":"standard","meta":{"footnotes":""},"categories":[63920,63957,8672],"tags":[],"class_list":["post-281539","post","type-post","status-publish","format-standard","has-post-thumbnail","hentry","category-a-la-une","category-fil-dactualite","category-8672"],"_links":{"self":[{"href":"https:\/\/ami.mr\/fr\/wp-json\/wp\/v2\/posts\/281539","targetHints":{"allow":["GET"]}}],"collection":[{"href":"https:\/\/ami.mr\/fr\/wp-json\/wp\/v2\/posts"}],"about":[{"href":"https:\/\/ami.mr\/fr\/wp-json\/wp\/v2\/types\/post"}],"author":[{"embeddable":true,"href":"https:\/\/ami.mr\/fr\/wp-json\/wp\/v2\/users\/5"}],"replies":[{"embeddable":true,"href":"https:\/\/ami.mr\/fr\/wp-json\/wp\/v2\/comments?post=281539"}],"version-history":[{"count":1,"href":"https:\/\/ami.mr\/fr\/wp-json\/wp\/v2\/posts\/281539\/revisions"}],"predecessor-version":[{"id":281543,"href":"https:\/\/ami.mr\/fr\/wp-json\/wp\/v2\/posts\/281539\/revisions\/281543"}],"wp:featuredmedia":[{"embeddable":true,"href":"https:\/\/ami.mr\/fr\/wp-json\/wp\/v2\/media\/281540"}],"wp:attachment":[{"href":"https:\/\/ami.mr\/fr\/wp-json\/wp\/v2\/media?parent=281539"}],"wp:term":[{"taxonomy":"category","embeddable":true,"href":"https:\/\/ami.mr\/fr\/wp-json\/wp\/v2\/categories?post=281539"},{"taxonomy":"post_tag","embeddable":true,"href":"https:\/\/ami.mr\/fr\/wp-json\/wp\/v2\/tags?post=281539"}],"curies":[{"name":"wp","href":"https:\/\/api.w.org\/{rel}","templated":true}]}}