{"id":281515,"date":"2025-10-23T18:28:55","date_gmt":"2025-10-23T18:28:55","guid":{"rendered":"https:\/\/ami.mr\/fr\/?p=281515"},"modified":"2025-10-23T18:28:55","modified_gmt":"2025-10-23T18:28:55","slug":"le-ministre-des-affaires-etrangeres-sentretient-avec-lambassadrice-ditalie","status":"publish","type":"post","link":"https:\/\/ami.mr\/fr\/archives\/281515","title":{"rendered":"Le ministre des Affaires \u00e9trang\u00e8res s&#8217;entretient avec l&#8217;ambassadrice d&#8217;Italie"},"content":{"rendered":"<div class=\"cell auto-size\">\n<div class=\"set-border bd-gray padding10 margin10 no-margin-right no-margin-left \" dir=\"ltr\">\n<p>Son Excellence Monsieur Mohamed Salem Ould Merzoug, Ministre des Affaires \u00e9trang\u00e8res, de la Coop\u00e9ration africaine et des Mauritaniens de l&#8217;ext\u00e9rieur, a eu, ce jeudi, dans son bureau au minist\u00e8re, des entretiens avec Son Excellence Madame Laura Botta, Ambassadrice de la R\u00e9publique d&#8217;Italie accr\u00e9dit\u00e9e aupr\u00e8s de la Mauritanie.<\/p>\n<p>Les discussions ont port\u00e9 sur les relations existantes entre les deux pays et les moyens de les renforcer et de les d\u00e9velopper, ainsi que sur l&#8217;examen des questions d&#8217;int\u00e9r\u00eat commun.<\/p>\n<p>Les entretiens se sont d\u00e9roul\u00e9s en pr\u00e9sence de Madame Mariem Abdallahi Sao, Ambassadrice, Directrice de l&#8217;Afrique, Directrice de l&#8217;Europe \u00e0 la Direction g\u00e9n\u00e9rale de la coop\u00e9ration bilat\u00e9rale du minist\u00e8re par int\u00e9rim, et de Monsieur Ahmed Cheikh El Bou, Directeur adjoint des affaires europ\u00e9ennes.<\/p>\n<\/div>\n<\/div>\n","protected":false},"excerpt":{"rendered":"<p>Son Excellence Monsieur Mohamed Salem Ould Merzoug, Ministre des Affaires \u00e9trang\u00e8res, de la Coop\u00e9ration africaine et des Mauritaniens de l&#8217;ext\u00e9rieur, a eu, ce jeudi, dans son bureau au minist\u00e8re, des entretiens avec Son Excellence Madame Laura Botta, Ambassadrice de la R\u00e9publique d&#8217;Italie accr\u00e9dit\u00e9e aupr\u00e8s de la Mauritanie. Les discussions ont port\u00e9 sur les relations existantes [&hellip;]<\/p>\n","protected":false},"author":5,"featured_media":281516,"comment_status":"open","ping_status":"open","sticky":false,"template":"","format":"standard","meta":{"footnotes":""},"categories":[63918,63957,63959,63927],"tags":[],"class_list":["post-281515","post","type-post","status-publish","format-standard","has-post-thumbnail","hentry","category-autres","category-fil-dactualite","category-mauritanie","category-slider-mauritanie"],"_links":{"self":[{"href":"https:\/\/ami.mr\/fr\/wp-json\/wp\/v2\/posts\/281515","targetHints":{"allow":["GET"]}}],"collection":[{"href":"https:\/\/ami.mr\/fr\/wp-json\/wp\/v2\/posts"}],"about":[{"href":"https:\/\/ami.mr\/fr\/wp-json\/wp\/v2\/types\/post"}],"author":[{"embeddable":true,"href":"https:\/\/ami.mr\/fr\/wp-json\/wp\/v2\/users\/5"}],"replies":[{"embeddable":true,"href":"https:\/\/ami.mr\/fr\/wp-json\/wp\/v2\/comments?post=281515"}],"version-history":[{"count":1,"href":"https:\/\/ami.mr\/fr\/wp-json\/wp\/v2\/posts\/281515\/revisions"}],"predecessor-version":[{"id":281518,"href":"https:\/\/ami.mr\/fr\/wp-json\/wp\/v2\/posts\/281515\/revisions\/281518"}],"wp:featuredmedia":[{"embeddable":true,"href":"https:\/\/ami.mr\/fr\/wp-json\/wp\/v2\/media\/281516"}],"wp:attachment":[{"href":"https:\/\/ami.mr\/fr\/wp-json\/wp\/v2\/media?parent=281515"}],"wp:term":[{"taxonomy":"category","embeddable":true,"href":"https:\/\/ami.mr\/fr\/wp-json\/wp\/v2\/categories?post=281515"},{"taxonomy":"post_tag","embeddable":true,"href":"https:\/\/ami.mr\/fr\/wp-json\/wp\/v2\/tags?post=281515"}],"curies":[{"name":"wp","href":"https:\/\/api.w.org\/{rel}","templated":true}]}}