{"id":281508,"date":"2025-10-23T18:25:37","date_gmt":"2025-10-23T18:25:37","guid":{"rendered":"https:\/\/ami.mr\/fr\/?p=281508"},"modified":"2025-10-23T18:25:37","modified_gmt":"2025-10-23T18:25:37","slug":"la-ministre-de-leducation-le-fonds-de-logement-des-enseignants-ouvrira-le-mois-prochain-via-une-plateforme-numerique-dediee-a-ladhesion","status":"publish","type":"post","link":"https:\/\/ami.mr\/fr\/archives\/281508","title":{"rendered":"La ministre de l&#8217;\u00c9ducation : Le fonds de logement des enseignants ouvrira le mois prochain via une plateforme num\u00e9rique d\u00e9di\u00e9e \u00e0 l&#8217;adh\u00e9sion."},"content":{"rendered":"<p>L&#8217;Assembl\u00e9e nationale a consacr\u00e9 sa s\u00e9ance publique, tenue ce jeudi matin sous la pr\u00e9sidence du d\u00e9put\u00e9 Ahmedou Mohamed Mahfoudh Mballa, vice-pr\u00e9sident de l&#8217;Assembl\u00e9e, \u00e0 l&#8217;\u00e9coute des r\u00e9ponses de la ministre de l&#8217;\u00c9ducation et de la R\u00e9forme du Syst\u00e8me \u00e9ducatif, Mme Houda Babah, \u00e0 deux questions orales qui lui ont \u00e9t\u00e9 adress\u00e9es par les d\u00e9put\u00e9es Aziza Jeddou et Khadija Abdoulaye Wane.<\/p>\n<p>La d\u00e9put\u00e9e Aziza Jeddou a indiqu\u00e9 dans sa question que l&#8217;\u00e9ducation est un pilier fondamental du progr\u00e8s et de l&#8217;\u00e9l\u00e9vation des peuples, soulignant que le syst\u00e8me \u00e9ducatif de notre pays souffre de probl\u00e8mes majeurs qui l&#8217;emp\u00eachent de jouer son r\u00f4le, tels que la faiblesse de ses allocations et la surpopulation des classes.<\/p>\n<p>Elle a interrog\u00e9 sur la vision du secteur pour r\u00e9soudre ces probl\u00e8mes, en particulier dans la ville de Nouadhibou.<\/p>\n<p>Quant \u00e0 la d\u00e9put\u00e9e Khadija Abdoulaye Wane, elle a soulign\u00e9 l&#8217;importance de l&#8217;\u00e9ducation pour \u00e9tablir des bases solides pour le d\u00e9veloppement de la soci\u00e9t\u00e9, et la n\u00e9cessit\u00e9 de donner la priorit\u00e9 au personnel \u00e9ducatif dynamique.<\/p>\n<p>Elle a interrog\u00e9 sur les politiques suivies par le Fonds de logement du secteur de l&#8217;\u00e9ducation, et sur le niveau de sa mise en \u0153uvre.<\/p>\n<p>En r\u00e9ponse aux deux questions, la ministre de l&#8217;\u00c9ducation et de la R\u00e9forme du Syst\u00e8me \u00e9ducatif a d\u00e9clar\u00e9 que toute r\u00e9forme \u00e9ducative n\u00e9cessite du temps, car c&#8217;est une r\u00e9forme cumulative et structurelle, soulignant qu&#8217;ils en sont \u00e0 la quatri\u00e8me ann\u00e9e de la r\u00e9forme dont les fondations ont \u00e9t\u00e9 pos\u00e9es par Son Excellence le Pr\u00e9sident de la R\u00e9publique, M. Mohamed Ould Cheikh El Ghazouani, \u00e0 travers l&#8217;\u00c9cole r\u00e9publicaine, o\u00f9 tout le monde commence \u00e0 r\u00e9colter les fruits de cette graine plant\u00e9e avec le lancement de l&#8217;\u00c9cole R\u00e9publicaine.<\/p>\n<p>Elle a ajout\u00e9 que ce projet strat\u00e9gique a \u00e9t\u00e9 accompagn\u00e9 d&#8217;efforts et de travaux colossaux, qu&#8217;il s&#8217;agisse des ressources humaines, des infrastructures \u00e9ducatives, de l&#8217;am\u00e9lioration des conditions des enseignants ou de la bonne gouvernance, soulignant que le secteur \u00e9ducatif a recrut\u00e9 depuis 2019 jusqu&#8217;\u00e0 pr\u00e9sent plus de 13 000 enseignants, et construit 5 400 salles de classe, dont 1 200 salles en 2025.<\/p>\n<p>Elle a indiqu\u00e9 que Son Excellence le Pr\u00e9sident de la R\u00e9publique lancera en novembre prochain le Programme Prioritaire d&#8217;Acc\u00e8s aux Services Essentiels pour le D\u00e9veloppement local, avec une enveloppe financi\u00e8re d&#8217;environ 255 milliards d&#8217;anciennes Ouguiyas, dont l&#8217;\u00e9ducation aura la plus grande part, soit pr\u00e8s de 73 milliards d&#8217;anciennes Ouguiyas allou\u00e9es \u00e0 la construction de 6 114 salles de classe dans le cadre de ce programme.<\/p>\n<p>Elle a d\u00e9clar\u00e9 que ce qui a \u00e9t\u00e9 r\u00e9alis\u00e9 dans la ville de Nouadhibou dans le secteur de l&#8217;\u00e9ducation depuis 2019 est devenu \u00e9vident, qu&#8217;il s&#8217;agisse de l&#8217;infrastructure \u00e9ducative, des enseignants ou de la gouvernance, soulignant que l&#8217;\u00e9ducation dans la ville vit aujourd&#8217;hui l&#8217;une de ses meilleures p\u00e9riodes, avec la construction de cinq \u00e9coles, dont trois sont en cours de construction, en plus de l&#8217;extension de certaines \u00e9coles avec 84 salles de classe.<\/p>\n<p>Elle a soulign\u00e9 l&#8217;existence de certains d\u00e9fis, affirmant que les projets mis en \u0153uvre dans le syst\u00e8me \u00e9ducatif sont des projets gigantesques et \u00e0 un rythme acc\u00e9l\u00e9r\u00e9, et qu&#8217;ils ont tous \u00e9t\u00e9 r\u00e9alis\u00e9s en tr\u00e8s peu de temps.<\/p>\n<p>Elle a d\u00e9clar\u00e9 que la cr\u00e9ation du fonds de logement des enseignants est une incarnation de la conscience de Son Excellence le Pr\u00e9sident de la R\u00e9publique et de sa conviction que l&#8217;enseignant est le c\u0153ur battant du syst\u00e8me \u00e9ducatif, et que l&#8217;am\u00e9lioration de la qualit\u00e9 de l&#8217;\u00e9ducation est li\u00e9e \u00e0 l&#8217;am\u00e9lioration de la vie et des conditions de l&#8217;enseignant, soulignant que Son Excellence a demand\u00e9 au gouvernement de travailler dans ce sens, et que ce fonds est l&#8217;une des r\u00e9alisations les plus importantes revendiqu\u00e9es par les enseignants depuis longtemps.<\/p>\n<p>Elle a ajout\u00e9 qu&#8217;apr\u00e8s l&#8217;ach\u00e8vement du cadre juridique r\u00e9glementaire et la l\u00e9gislation de ce fonds, il sera ouvert, si Dieu le veut, dans les premiers jours de novembre prochain, via une plateforme num\u00e9rique d\u00e9di\u00e9e \u00e0 l&#8217;adh\u00e9sion, et en b\u00e9n\u00e9ficiera cette ann\u00e9e les retrait\u00e9s de 2025, en plus de mille enseignants de tous les niveaux d&#8217;enseignement, y compris les personnels de terrain et les encadrants.<\/p>\n","protected":false},"excerpt":{"rendered":"<p>L&#8217;Assembl\u00e9e nationale a consacr\u00e9 sa s\u00e9ance publique, tenue ce jeudi matin sous la pr\u00e9sidence du d\u00e9put\u00e9 Ahmedou Mohamed Mahfoudh Mballa, vice-pr\u00e9sident de l&#8217;Assembl\u00e9e, \u00e0 l&#8217;\u00e9coute des r\u00e9ponses de la ministre de l&#8217;\u00c9ducation et de la R\u00e9forme du Syst\u00e8me \u00e9ducatif, Mme Houda Babah, \u00e0 deux questions orales qui lui ont \u00e9t\u00e9 adress\u00e9es par les d\u00e9put\u00e9es Aziza [&hellip;]<\/p>\n","protected":false},"author":5,"featured_media":281509,"comment_status":"open","ping_status":"open","sticky":false,"template":"","format":"standard","meta":{"footnotes":""},"categories":[63920,63957,63959,63927],"tags":[],"class_list":["post-281508","post","type-post","status-publish","format-standard","has-post-thumbnail","hentry","category-a-la-une","category-fil-dactualite","category-mauritanie","category-slider-mauritanie"],"_links":{"self":[{"href":"https:\/\/ami.mr\/fr\/wp-json\/wp\/v2\/posts\/281508","targetHints":{"allow":["GET"]}}],"collection":[{"href":"https:\/\/ami.mr\/fr\/wp-json\/wp\/v2\/posts"}],"about":[{"href":"https:\/\/ami.mr\/fr\/wp-json\/wp\/v2\/types\/post"}],"author":[{"embeddable":true,"href":"https:\/\/ami.mr\/fr\/wp-json\/wp\/v2\/users\/5"}],"replies":[{"embeddable":true,"href":"https:\/\/ami.mr\/fr\/wp-json\/wp\/v2\/comments?post=281508"}],"version-history":[{"count":2,"href":"https:\/\/ami.mr\/fr\/wp-json\/wp\/v2\/posts\/281508\/revisions"}],"predecessor-version":[{"id":281511,"href":"https:\/\/ami.mr\/fr\/wp-json\/wp\/v2\/posts\/281508\/revisions\/281511"}],"wp:featuredmedia":[{"embeddable":true,"href":"https:\/\/ami.mr\/fr\/wp-json\/wp\/v2\/media\/281509"}],"wp:attachment":[{"href":"https:\/\/ami.mr\/fr\/wp-json\/wp\/v2\/media?parent=281508"}],"wp:term":[{"taxonomy":"category","embeddable":true,"href":"https:\/\/ami.mr\/fr\/wp-json\/wp\/v2\/categories?post=281508"},{"taxonomy":"post_tag","embeddable":true,"href":"https:\/\/ami.mr\/fr\/wp-json\/wp\/v2\/tags?post=281508"}],"curies":[{"name":"wp","href":"https:\/\/api.w.org\/{rel}","templated":true}]}}