{"id":281390,"date":"2025-10-22T17:49:24","date_gmt":"2025-10-22T17:49:24","guid":{"rendered":"https:\/\/ami.mr\/fr\/?p=281390"},"modified":"2025-10-22T17:49:24","modified_gmt":"2025-10-22T17:49:24","slug":"le-ministre-de-la-sante-visite-des-installations-sanitaires","status":"publish","type":"post","link":"https:\/\/ami.mr\/fr\/archives\/281390","title":{"rendered":"Le ministre de la Sant\u00e9 visite des installations sanitaires"},"content":{"rendered":"<p>Le ministre de la Sant\u00e9, M. Mohamed Mahmoud Ould Ely Mahmoud, a effectu\u00e9, mercredi, une visite de terrain dans plusieurs installations sanitaires relevant de son d\u00e9partement.<\/p>\n<p>La visite a port\u00e9 sur le centre de sant\u00e9 de la wilaya de Nouakchott Nord, l&#8217;h\u00f4pital de l&#8217;Amiti\u00e9 de la wilaya de Nouakchott Sud, ainsi que le centre national de m\u00e9decine de la wilaya de Nouakchott Ouest.<\/p>\n<p>Au cours des \u00e9tapes de la visite, le ministre et la d\u00e9l\u00e9gation qui l&#8217;accompagne ont parcouru les diff\u00e9rentes ailes des installations sanitaires visit\u00e9es, s\u2019informant de pr\u00e8s du fonctionnement de ces institutions, prenant connaissance des probl\u00e8mes et obstacles qui entravent leur action.<\/p>\n<p>\u00c0 la fin de la visite, le ministre a fait une d\u00e9claration \u00e0 l&#8217;Agence Mauritanienne d&#8217;Information, dans laquelle il a indiqu\u00e9 que \u2018\u2019la visite a commenc\u00e9 par le centre de sant\u00e9 de Dar Naim, consid\u00e9r\u00e9 comme l&#8217;un des centres exp\u00e9rimentaux de la politique du d\u00e9partement dans les centres de sant\u00e9 urbains, soulignant que les centres de sant\u00e9 urbains visent \u00e0 rapprocher le service de sant\u00e9 du citoyen, affirmant qu&#8217;il a enjoint aux \u00e9quipes m\u00e9dicales de ce centre de travailler avec diligence et d&#8217;organiser leur travail, ainsi que de respecter les horaires de travail et d&#8217;interagir positivement avec les citoyens\u2019\u2019.<\/p>\n<p>Il a ajout\u00e9 que \u2018\u2019la deuxi\u00e8me \u00e9tape \u00e9tait la visite de l&#8217;h\u00f4pital de l&#8217;Amiti\u00e9, qui fournit, \u00e9galement, des services de qualit\u00e9 \u00e0 une cat\u00e9gorie de citoyens dans des zones recul\u00e9es de la capitale, soulignant qu&#8217;il a pris connaissance de pr\u00e8s du fonctionnement \u00e0 l&#8217;int\u00e9rieur, donnant les directives n\u00e9cessaires aux \u00e9quipes qui y travaillent, pour organiser le service en r\u00e9visant le parcours du patient et en raccourcissant ses proc\u00e9dures pour une prise en charge rapide, notant qu&#8217;il existe des \u00e9tudes en cours d&#8217;application qui donneront des r\u00e9sultats positifs dans un proche avenir\u2019\u2019.<\/p>\n<p>M. le ministre a dit que \u2018\u2019la derni\u00e8re \u00e9tape \u00e9tait le centre national de m\u00e9decine, indiquant qu&#8217;il a tenu une r\u00e9union avec les \u00e9quipes m\u00e9dicales, dont les discussions ont \u00e9t\u00e9 s\u00e9rieuses et franches, affirmant qu&#8217;il a insist\u00e9 lors de la r\u00e9union sur la priorit\u00e9 \u00e0 donner au patient et \u00e0 faciliter son acc\u00e8s au service\u2019\u2019.<\/p>\n<p>Il a ajout\u00e9 que la r\u00e9union a \u00e9galement discut\u00e9 de la mani\u00e8re de pr\u00e9parer la nouvelle extension du centre, qui constituera un ajout qualitatif \u00e0 l&#8217;h\u00f4pital national gr\u00e2ce \u00e0 des \u00e9quipements de haute qualit\u00e9 et \u00e0 des cadres m\u00e9dicaux qui recevront une formation avant de commencer \u00e0 travailler, ce qui aura un impact positif sur la performance globale de l&#8217;h\u00f4pital.<\/p>\n<p>Le ministre \u00e9tait accompagn\u00e9, lors de sa visite, par les autorit\u00e9s administratives et s\u00e9curitaires des trois wilayas de Nouakchott, au c\u00f4t\u00e9 de cadres du minist\u00e8re de la Sant\u00e9.<\/p>\n","protected":false},"excerpt":{"rendered":"<p>Le ministre de la Sant\u00e9, M. Mohamed Mahmoud Ould Ely Mahmoud, a effectu\u00e9, mercredi, une visite de terrain dans plusieurs installations sanitaires relevant de son d\u00e9partement. La visite a port\u00e9 sur le centre de sant\u00e9 de la wilaya de Nouakchott Nord, l&#8217;h\u00f4pital de l&#8217;Amiti\u00e9 de la wilaya de Nouakchott Sud, ainsi que le centre national [&hellip;]<\/p>\n","protected":false},"author":5,"featured_media":281391,"comment_status":"open","ping_status":"open","sticky":false,"template":"","format":"standard","meta":{"footnotes":""},"categories":[63918,63957,63959,63927],"tags":[],"class_list":["post-281390","post","type-post","status-publish","format-standard","has-post-thumbnail","hentry","category-autres","category-fil-dactualite","category-mauritanie","category-slider-mauritanie"],"_links":{"self":[{"href":"https:\/\/ami.mr\/fr\/wp-json\/wp\/v2\/posts\/281390","targetHints":{"allow":["GET"]}}],"collection":[{"href":"https:\/\/ami.mr\/fr\/wp-json\/wp\/v2\/posts"}],"about":[{"href":"https:\/\/ami.mr\/fr\/wp-json\/wp\/v2\/types\/post"}],"author":[{"embeddable":true,"href":"https:\/\/ami.mr\/fr\/wp-json\/wp\/v2\/users\/5"}],"replies":[{"embeddable":true,"href":"https:\/\/ami.mr\/fr\/wp-json\/wp\/v2\/comments?post=281390"}],"version-history":[{"count":1,"href":"https:\/\/ami.mr\/fr\/wp-json\/wp\/v2\/posts\/281390\/revisions"}],"predecessor-version":[{"id":281392,"href":"https:\/\/ami.mr\/fr\/wp-json\/wp\/v2\/posts\/281390\/revisions\/281392"}],"wp:featuredmedia":[{"embeddable":true,"href":"https:\/\/ami.mr\/fr\/wp-json\/wp\/v2\/media\/281391"}],"wp:attachment":[{"href":"https:\/\/ami.mr\/fr\/wp-json\/wp\/v2\/media?parent=281390"}],"wp:term":[{"taxonomy":"category","embeddable":true,"href":"https:\/\/ami.mr\/fr\/wp-json\/wp\/v2\/categories?post=281390"},{"taxonomy":"post_tag","embeddable":true,"href":"https:\/\/ami.mr\/fr\/wp-json\/wp\/v2\/tags?post=281390"}],"curies":[{"name":"wp","href":"https:\/\/api.w.org\/{rel}","templated":true}]}}